{"id":713,"date":"2023-09-15T14:16:14","date_gmt":"2023-09-15T14:16:14","guid":{"rendered":"https:\/\/www.animaker.es\/blog\/?p=713"},"modified":"2024-01-29T16:04:28","modified_gmt":"2024-01-29T16:04:28","slug":"mejores-personajes-de-dibujos-animados","status":"publish","type":"post","link":"https:\/\/www.animaker.es\/blog\/mejores-personajes-de-dibujos-animados\/","title":{"rendered":"\u00a157 personajes de dibujos animados ic\u00f3nicos de todos los tiempos! [La lista definitiva]"},"content":{"rendered":"<p><span id=\"rgb(140, 080, 247)\"><\/span><\/p>\n\n\n<p>Los dibujos animados han sido una parte importante de nuestras vidas desde la infancia.<\/p>\n\n\n\n<p>Los dibujos animados tienen la capacidad de tener un impacto diferente en cada persona. A algunos les ayudaron a dar forma a su imaginaci\u00f3n y creatividad de ni\u00f1os, y a otros incluso les influyeron en su forma de percibir el mundo que les rodea.<\/p>\n\n\n\n<p>Aunque han tra\u00eddo muchas risas y alegr\u00eda a nuestras vidas, los dibujos animados tambi\u00e9n nos han ense\u00f1ado muchas lecciones valiosas sobre el respeto, la amistad, el valor, la perseverancia y el amor.<\/p>\n\n\n\n<p>Es innegable que los dibujos animados han desempe\u00f1ado un papel importante en la formaci\u00f3n de las mentes de las nuevas generaciones.<\/p>\n\n\n\n<p>Aunque los dibujos animados han experimentado una importante mejora en t\u00e9rminos de calidad visual, muchos personajes de dibujos animados de la vieja escuela han permanecido imperecederos en el nivel de impacto que pueden causar en la generaci\u00f3n m\u00e1s joven.<\/p>\n\n\n\n<p>En este art\u00edculo repasaremos algunos de los personajes de dibujos animados que m\u00e1s han influido en nuestras vidas.<\/p>\n\n\n\n<h2 class=\"wp-block-heading\">1. Mickey Mouse<\/h2>\n\n\n\n<div class=\"wp-block-image\"><figure class=\"aligncenter size-medium\"><img loading=\"lazy\" decoding=\"async\" width=\"186\" height=\"300\" src=\"https:\/\/www.animaker.es\/blog\/wp-content\/uploads\/2023\/08\/Mickey_Mouse_Disney_1-186x300.webp\" alt=\"Personaje de dibujos animados de Mickey Mouse\" class=\"wp-image-685\" srcset=\"https:\/\/www.animaker.es\/blog\/wp-content\/uploads\/2023\/08\/Mickey_Mouse_Disney_1-186x300.webp 186w, https:\/\/www.animaker.es\/blog\/wp-content\/uploads\/2023\/08\/Mickey_Mouse_Disney_1.webp 270w\" sizes=\"(max-width: 186px) 100vw, 186px\" \/><figcaption><em>Source: <a href=\"https:\/\/disney.fandom.com\/wiki\/Mickey_Mouse?so=search&amp;file=Mickey_Mouse_Disney_1.png\" target=\"_blank\" rel=\"noreferrer noopener\">Fandom<\/a><\/em><\/figcaption><\/figure><\/div>\n\n\n\n<p>El primero de la lista es Mickey Mouse.<\/p>\n\n\n\n<p>Es uno de los personajes m\u00e1s ic\u00f3nicos del siglo XX, ya que Mickey representa todo lo que Walt Disney quer\u00eda representar a trav\u00e9s de sus personajes.<\/p>\n\n\n\n<p>Su alegr\u00eda, su encanto y su capacidad para divertirse le convirtieron en una de las figuras m\u00e1s reconocibles del mundo de la animaci\u00f3n y se hizo un hueco en el coraz\u00f3n de millones de personas de todo el mundo.<\/p>\n\n\n\n<p><strong>\u00bfCu\u00e1ndo se cre\u00f3 Mickey Mouse?<\/strong><\/p>\n\n\n\n<p>Mickey Mouse fue creado en el a\u00f1o 1928 por Walt Disney y Ub iwerks. Este personaje apareci\u00f3 por primera vez en Steamboat Wille.<\/p>\n\n\n\n<p><strong>\u00bfQui\u00e9n puso la voz a Mickey Mouse?<\/strong><\/p>\n\n\n\n<p>Inicialmente, el propio Walt Disney pon\u00eda voz a Mickey Mouse. Sin embargo, tras su desaparici\u00f3n, otros locutores como Jimmy MacDonald, Wayne Allwine, Bret Iwan y Chris Diamantopoulous han asumido el papel.<\/p>\n\n\n\n<h2 class=\"wp-block-heading\">2. Tom y Jerry<\/h2>\n\n\n\n<div class=\"wp-block-image\"><figure class=\"aligncenter size-medium\"><img loading=\"lazy\" decoding=\"async\" width=\"300\" height=\"198\" src=\"https:\/\/www.animaker.es\/blog\/wp-content\/uploads\/2023\/08\/Tom_and_Jerry_-_MP-300x198.webp\" alt=\"Personaje de dibujos animados de Tom y jerry\" class=\"wp-image-707\" srcset=\"https:\/\/www.animaker.es\/blog\/wp-content\/uploads\/2023\/08\/Tom_and_Jerry_-_MP-300x198.webp 300w, https:\/\/www.animaker.es\/blog\/wp-content\/uploads\/2023\/08\/Tom_and_Jerry_-_MP.webp 512w\" sizes=\"(max-width: 300px) 100vw, 300px\" \/><figcaption><em>Source: <a href=\"https:\/\/tomandjerry.fandom.com\/wiki\/Tom_and_Jerry_Wiki?file=Tom_and_Jerry_-_MP.png\" target=\"_blank\" rel=\"noreferrer noopener\">Fandom<\/a><\/em><\/figcaption><\/figure><\/div>\n\n\n\n<p>Tom y Jerry es una serie cl\u00e1sica estadounidense que ha entretenido al p\u00fablico durante generaciones. Si no conoc\u00edas Tom y Jerry, se trata de una serie sobre un gato llamado Tom y un rat\u00f3n llamado Jerry. De 1940 a 1958, se crearon unos 114 cortos de Tom y Jerry para MGM (Metro-Goldwyn-Mayer).<\/p>\n\n\n\n<p><strong>\u00bfCu\u00e1ndo se cre\u00f3 Tom y Jerry?<\/strong><\/p>\n\n\n\n<p>Tom y Jerry fueron creados en 1940 por William Hanna y Joseph Barbera.<\/p>\n\n\n\n<p><strong>\u00bfQui\u00e9n puso la voz a Tom y Jerry?<\/strong><\/p>\n\n\n\n<p>William Hanna y Mel Blanc pusieron la voz original a Tom y Jerry. Con el paso de los a\u00f1os, otros artistas como June Foray, John Winfield Stephenson, Don Brown y otros tomaron el relevo.<\/p>\n\n\n\n<h2 class=\"wp-block-heading\">3. Bugs Bunny<\/h2>\n\n\n\n<div class=\"wp-block-image\"><figure class=\"aligncenter size-medium\"><img loading=\"lazy\" decoding=\"async\" width=\"150\" height=\"300\" src=\"https:\/\/www.animaker.es\/blog\/wp-content\/uploads\/2023\/08\/Bugs_bunny-150x300.webp\" alt=\"Personaje de dibujos animados de Bugs Bunny\" class=\"wp-image-662\" srcset=\"https:\/\/www.animaker.es\/blog\/wp-content\/uploads\/2023\/08\/Bugs_bunny-150x300.webp 150w, https:\/\/www.animaker.es\/blog\/wp-content\/uploads\/2023\/08\/Bugs_bunny.webp 200w\" sizes=\"(max-width: 150px) 100vw, 150px\" \/><figcaption><em>Source: <a href=\"https:\/\/looneytunesshow.fandom.com\/wiki\/Bugs_Bunny?file=Bugs_bunny.png\" target=\"_blank\" rel=\"noreferrer noopener\">Fandom<\/a><\/em><\/figcaption><\/figure><\/div>\n\n\n\n<p>Bugs bunny es un cl\u00e1sico y famoso personaje de dibujos animados que Warner Brothers cre\u00f3 para los Looney Tunes, una serie de cortometrajes de animaci\u00f3n. El ingenio r\u00e1pido y el humor sarc\u00e1stico de Bugs bunny han entretenido al p\u00fablico durante m\u00e1s de ocho d\u00e9cadas, y sigue siendo uno de los personajes m\u00e1s queridos de la animaci\u00f3n.<\/p>\n\n\n\n<p><strong>\u00bfCu\u00e1ndo se cre\u00f3 Bugs Bunny?<\/strong><\/p>\n\n\n\n<p>Bugs Bunny fue creado en 1940 por Tex Avery, Ben Hardaway, Chuck Jones y otros en Warner Bros. Cartoons.<\/p>\n\n\n\n<p><strong>\u00bfQui\u00e9n puso la voz a Bugs Bunny?<\/strong><\/p>\n\n\n\n<p>Muchos actores de doblaje pusieron voz a Bugs Bunny. Originalmente lo hac\u00eda el legendario actor de doblaje Mel Blanc. Sin embargo, tras su fallecimiento, se hicieron cargo otros muchos actores de doblaje, como Jeff Bergman, Greg Burson, Billy West y otros.<\/p>\n\n\n\n<h2 class=\"wp-block-heading\">4. Bob Esponja Pantalones Cuadrados<\/h2>\n\n\n\n<div class=\"wp-block-image\"><figure class=\"aligncenter size-medium\"><img loading=\"lazy\" decoding=\"async\" width=\"300\" height=\"300\" src=\"https:\/\/www.animaker.es\/blog\/wp-content\/uploads\/2023\/08\/SpongeBob_stock_art-300x300.webp\" alt=\"Personaje de dibujos animados de ob Esponja Pantalones Cuadrados\" class=\"wp-image-704\" srcset=\"https:\/\/www.animaker.es\/blog\/wp-content\/uploads\/2023\/08\/SpongeBob_stock_art-300x300.webp 300w, https:\/\/www.animaker.es\/blog\/wp-content\/uploads\/2023\/08\/SpongeBob_stock_art-150x150.webp 150w, https:\/\/www.animaker.es\/blog\/wp-content\/uploads\/2023\/08\/SpongeBob_stock_art.webp 500w\" sizes=\"(max-width: 300px) 100vw, 300px\" \/><figcaption><em>Source: <a href=\"https:\/\/spongebob.fandom.com\/wiki\/SpongeBob_SquarePants_(character)?file=SpongeBob+stock+art.png\" target=\"_blank\" rel=\"noreferrer noopener\">Fandom<\/a><\/em><\/figcaption><\/figure><\/div>\n\n\n\n<p>Bob Esponja es un personaje adorable, extravagante y simp\u00e1tico que se ha convertido en uno de los personajes animados m\u00e1s populares de todos los tiempos. El personaje Bob Esponja vive en una pi\u00f1a en las profundidades del mar llamada la &#8220;Ciudad submarina del fondo del bikini&#8221;. Su inconfundible voz y su comportamiento bobalic\u00f3n han hecho de este personaje una figura muy querida tanto por adultos como por ni\u00f1os.&nbsp;<\/p>\n\n\n\n<p><strong>\u00bfCu\u00e1ndo se cre\u00f3 Bob Esponja?<\/strong><\/p>\n\n\n\n<p>Bob Esponja fue creado en 1999 por Stephen Hillenburg.<\/p>\n\n\n\n<p><strong>\u00bfQui\u00e9n puso la voz a Bob Esponja?<\/strong><\/p>\n\n\n\n<p>Tom Kenny fue la persona detr\u00e1s de Bob Esponja Pantalones Cuadrados.<\/p>\n\n\n\n<h2 class=\"wp-block-heading\">5. Homer J. Simpson<\/h2>\n\n\n\n<div class=\"wp-block-image\"><figure class=\"aligncenter size-medium\"><img loading=\"lazy\" decoding=\"async\" width=\"127\" height=\"300\" src=\"https:\/\/www.animaker.es\/blog\/wp-content\/uploads\/2023\/08\/Homer_Simpson-127x300.webp\" alt=\"Personaje de dibujos animados de Homer J simpson\" class=\"wp-image-680\" srcset=\"https:\/\/www.animaker.es\/blog\/wp-content\/uploads\/2023\/08\/Homer_Simpson-127x300.webp 127w, https:\/\/www.animaker.es\/blog\/wp-content\/uploads\/2023\/08\/Homer_Simpson.webp 409w\" sizes=\"(max-width: 127px) 100vw, 127px\" \/><figcaption><em>Source: <a href=\"https:\/\/simpsons.fandom.com\/wiki\/Homer_Simpson?file=Homer+Simpson.png\" target=\"_blank\" rel=\"noreferrer noopener\">Fandom<\/a><\/em><\/figcaption><\/figure><\/div>\n\n\n\n<p>Homer Jay Simpson es un personaje de la serie de televisi\u00f3n de animaci\u00f3n estadounidense &#8220;Los Simpson&#8221;. Es un personaje entra\u00f1able y a menudo la fuente de humor de la serie. Su inconfundible voz y sus esl\u00f3ganes han convertido a Homer en uno de los personajes de dibujos animados favoritos. Su amor por la cerveza y los donuts le hace muy cercano.<\/p>\n\n\n\n<p><strong>\u00bfCu\u00e1ndo se crearon Los Simpson?<\/strong><\/p>\n\n\n\n<p>Los Simpson fueron creados en 1989 por el dibujante Matt Groening.<\/p>\n\n\n\n<p><strong>\u00bfQui\u00e9n hace la voz de Homer J. Simpson?<\/strong><\/p>\n\n\n\n<p>El actor de doblaje de Homer Jay Simpson es Dan Castellaneta.<\/p>\n\n\n\n<h2 class=\"wp-block-heading\">6. Pato Donald<\/h2>\n\n\n\n<div class=\"wp-block-image\"><figure class=\"aligncenter size-medium\"><img loading=\"lazy\" decoding=\"async\" width=\"218\" height=\"300\" src=\"https:\/\/www.animaker.es\/blog\/wp-content\/uploads\/2023\/08\/Donald_Duck_Iconic-218x300.webp\" alt=\"Personaje de dibujos animados de Pato Donald\" class=\"wp-image-669\" srcset=\"https:\/\/www.animaker.es\/blog\/wp-content\/uploads\/2023\/08\/Donald_Duck_Iconic-218x300.webp 218w, https:\/\/www.animaker.es\/blog\/wp-content\/uploads\/2023\/08\/Donald_Duck_Iconic.webp 716w\" sizes=\"(max-width: 218px) 100vw, 218px\" \/><figcaption><em>Source: <a href=\"https:\/\/disney.fandom.com\/wiki\/Donald_Duck?file=Donald_Duck_Iconic.png\" target=\"_blank\" rel=\"noreferrer noopener\">Fandom<\/a><\/em><\/figcaption><\/figure><\/div>\n\n\n\n<p>El Pato Donald es un personaje cl\u00e1sico de Disney. Tiene el pico, las piernas y los pies de color amarillo anaranjado. Es muy conocido por su inconfundible voz, su traje de marinero y su amor por la aventura. A pesar de sus defectos, Donald ha entretenido al p\u00fablico durante m\u00e1s de 80 a\u00f1os y sigue siendo uno de los personajes m\u00e1s populares y entra\u00f1ables de todos los tiempos.<\/p>\n\n\n\n<p><strong>\u00bfCu\u00e1ndo se cre\u00f3 el Pato Donald?<\/strong><\/p>\n\n\n\n<p>El Pato Donald fue creado en 1934 por Walt Disney y el animador Dick Lundy.<\/p>\n\n\n\n<p><strong>\u00bfQui\u00e9n puso la voz al Pato Donald?<\/strong><\/p>\n\n\n\n<p>Clarence Nash puso la voz al Pato Donald. Tras la desaparici\u00f3n de Clarance, Tony Anselmo se convirti\u00f3 en la voz del Pato Donald.<\/p>\n\n\n\n<h2 class=\"wp-block-heading\">7. Scooby-Doo and Shaggy Rogers<\/h2>\n\n\n\n<div class=\"wp-block-image\"><figure class=\"aligncenter size-medium\"><img loading=\"lazy\" decoding=\"async\" width=\"300\" height=\"169\" src=\"https:\/\/www.animaker.es\/blog\/wp-content\/uploads\/2023\/08\/Scooby_and_Shaggy-300x169.webp\" alt=\"Personaje de dibujos animados de Scooby-Doo and Shaggy Rogers\" class=\"wp-image-699\" srcset=\"https:\/\/www.animaker.es\/blog\/wp-content\/uploads\/2023\/08\/Scooby_and_Shaggy-300x169.webp 300w, https:\/\/www.animaker.es\/blog\/wp-content\/uploads\/2023\/08\/Scooby_and_Shaggy-768x432.webp 768w, https:\/\/www.animaker.es\/blog\/wp-content\/uploads\/2023\/08\/Scooby_and_Shaggy.webp 1000w\" sizes=\"(max-width: 300px) 100vw, 300px\" \/><figcaption><em>Source: <a href=\"https:\/\/scoobydoo.fandom.com\/wiki\/Scooby-Doo_and_Shaggy_Rogers?file=Scooby_and_Shaggy.png\" target=\"_blank\" rel=\"noreferrer noopener\">Fandom<\/a><\/em><\/figcaption><\/figure><\/div>\n\n\n\n<p>Si hay una combinaci\u00f3n definitiva de personajes, \u00e9sa tiene que ser la de Scooby Doo y Shaggy Rodgers. Son los mejores amigos y compa\u00f1eros que resuelven misterios en la famosa serie Scooby Doo. Scooby Doo es un gran dan\u00e9s y Shaggy un humano voraz. A ambos les encanta la comida y luchar contra fantasmas\/monstruos espeluznantes.<\/p>\n\n\n\n<p><strong>\u00bfCu\u00e1ndo se cre\u00f3 Scooby Doo?<\/strong><\/p>\n\n\n\n<p>El programa original &#8220;Scooby-Doo, \u00bfd\u00f3nde est\u00e1s?&#8221; fue creado en 1969 por Joe Ruby y Ken Spears.<\/p>\n\n\n\n<p><strong>\u00bfQui\u00e9n puso la voz a Scooby-Doo y Shaggy Rodgers?<\/strong><\/p>\n\n\n\n<p>Don Messick puso inicialmente la voz a Scooby Doo, y Casey Kasem a Shaggy Rodgers. Tras la desaparici\u00f3n de Don y Casey, otros locutores como Frank Welker, Matthew Lillard y otros pusieron sus voces a Scooby Doo y Shaggy Rodgers.<\/p>\n\n\n\n<h2 class=\"wp-block-heading\">8. Pato Lucas<\/h2>\n\n\n\n<div class=\"wp-block-image\"><figure class=\"aligncenter size-medium\"><img loading=\"lazy\" decoding=\"async\" width=\"175\" height=\"300\" src=\"https:\/\/www.animaker.es\/blog\/wp-content\/uploads\/2023\/08\/Sheldon-175x300.webp\" alt=\"Personaje de dibujos animados de Pato Lucas\" class=\"wp-image-700\" srcset=\"https:\/\/www.animaker.es\/blog\/wp-content\/uploads\/2023\/08\/Sheldon-175x300.webp 175w, https:\/\/www.animaker.es\/blog\/wp-content\/uploads\/2023\/08\/Sheldon.webp 290w\" sizes=\"(max-width: 175px) 100vw, 175px\" \/><figcaption><em>Source: <a href=\"https:\/\/looneytunesshow.fandom.com\/wiki\/Daffy_Duck?file=Sheldon.png\" target=\"_blank\" rel=\"noreferrer noopener\">Fandom<\/a><\/em><\/figcaption><\/figure><\/div>\n\n\n\n<p>El Pato Lucas es otro personaje cl\u00e1sico de los dibujos animados estadounidenses. Es un pato negro con pico amarillo y patas palmeadas. Es conocido por su personalidad mixta. Aunque el Pato Lucas ha representado a menudo el personaje de un antih\u00e9roe, tambi\u00e9n ha mostrado una personalidad heroica en m\u00e1s de un episodio de su serie.<\/p>\n\n\n\n<p><strong>\u00bfCu\u00e1ndo se cre\u00f3 el Pato Lucas?<\/strong><\/p>\n\n\n\n<p>El Pato Lucas fue creado en 1937 por Tex Avery y Bob Clampett en Warner Bros Cartoons.<\/p>\n\n\n\n<p><strong>\u00bfQui\u00e9n puso la voz al Pato Lucas?<\/strong><\/p>\n\n\n\n<p>Inicialmente, la voz del Pato Lucas la puso el legendario Mel Blanc. Tras su muerte, varios actores interpretaron la voz del Pato Lucas, entre ellos Jeff Bergman, Greg Burson, Joe Alaskey y otros.<\/p>\n\n\n\n<h2 class=\"wp-block-heading\">9. Pikachu<\/h2>\n\n\n\n<div class=\"wp-block-image\"><figure class=\"aligncenter size-medium\"><img loading=\"lazy\" decoding=\"async\" width=\"300\" height=\"286\" src=\"https:\/\/www.animaker.es\/blog\/wp-content\/uploads\/2023\/08\/025Pikachu-300x286.webp\" alt=\"Personaje de dibujos animados de Pikachu\" class=\"wp-image-657\" srcset=\"https:\/\/www.animaker.es\/blog\/wp-content\/uploads\/2023\/08\/025Pikachu-300x286.webp 300w, https:\/\/www.animaker.es\/blog\/wp-content\/uploads\/2023\/08\/025Pikachu-768x731.webp 768w, https:\/\/www.animaker.es\/blog\/wp-content\/uploads\/2023\/08\/025Pikachu.webp 1000w\" sizes=\"(max-width: 300px) 100vw, 300px\" \/><figcaption><em>Source: <a href=\"https:\/\/pokemon.fandom.com\/wiki\/Pikachu?file=025Pikachu.png\" target=\"_blank\" rel=\"noreferrer noopener\">Fandom<\/a><\/em><\/figcaption><\/figure><\/div>\n\n\n\n<p>Pikachu es un personaje legendario de la serie de videojuegos Pokemon. Es un simp\u00e1tico y adorable rat\u00f3n el\u00e9ctrico amarillo y es muy conocido por su ic\u00f3nico sonido, &#8220;Pika Pika&#8221;. Sin duda, Pikachu ha conquistado millones de corazones en todo el mundo.<\/p>\n\n\n\n<p><strong>\u00bfCu\u00e1ndo se cre\u00f3 Pikachu?<\/strong><\/p>\n\n\n\n<p>Pikachu fue creado en 1996 por Satoshi Tajiri y Ken Sugimori, los creadores de la franquicia Pokemon.<\/p>\n\n\n\n<p><strong>\u00bfQui\u00e9n es el doblador de Pikachu?<\/strong><\/p>\n\n\n\n<p>En japon\u00e9s, Ikue Otani puso la voz a Pikachu, y la actriz Sarah Natochenny puso la voz a Pikachu en ingl\u00e9s.&nbsp;<\/p>\n\n\n\n<h2 class=\"wp-block-heading\">10. Road Runner<\/h2>\n\n\n\n<div class=\"wp-block-image\"><figure class=\"aligncenter size-medium\"><img loading=\"lazy\" decoding=\"async\" width=\"182\" height=\"300\" src=\"https:\/\/www.animaker.es\/blog\/wp-content\/uploads\/2023\/08\/Road_Runner-182x300.png\" alt=\"Personaje de dibujos animados de Correcaminos\" class=\"wp-image-697\" srcset=\"https:\/\/www.animaker.es\/blog\/wp-content\/uploads\/2023\/08\/Road_Runner-182x300.png 182w, https:\/\/www.animaker.es\/blog\/wp-content\/uploads\/2023\/08\/Road_Runner-622x1024.png 622w, https:\/\/www.animaker.es\/blog\/wp-content\/uploads\/2023\/08\/Road_Runner-768x1265.png 768w, https:\/\/www.animaker.es\/blog\/wp-content\/uploads\/2023\/08\/Road_Runner-933x1536.png 933w, https:\/\/www.animaker.es\/blog\/wp-content\/uploads\/2023\/08\/Road_Runner.png 1000w\" sizes=\"(max-width: 182px) 100vw, 182px\" \/><figcaption><em>Source: <a href=\"https:\/\/looneytunesshow.fandom.com\/wiki\/Road_Runner?file=Road_Runner.svg\" target=\"_blank\" rel=\"noreferrer noopener\">Fandom<\/a><\/em><\/figcaption><\/figure><\/div>\n\n\n\n<p>Road Runner es un popular personaje de dibujos animados conocido por su incre\u00edble velocidad y su caracter\u00edstica l\u00ednea de voz, &#8220;Beep Beep&#8221;. En cada episodio, su famoso d\u00fao, Wile E. Coyote, intenta comerse al Road Runner. Pero, Road Runner siempre va un paso por delante escapando en cada ocasi\u00f3n. Han entretenido al p\u00fablico con sus humor\u00edsticas y emocionantes persecuciones durante m\u00e1s de 60 a\u00f1os.<\/p>\n\n\n\n<p><strong>\u00bfCu\u00e1ndo se cre\u00f3 el Road Runner?<\/strong><\/p>\n\n\n\n<p>El Road Runner fue creado por primera vez en 1948 en la serie Fast and Furry-ous. Chuck Jones y Micheal Maltese lo crearon.<\/p>\n\n\n\n<p><strong>\u00bfQui\u00e9n puso la voz al Road Runner?<\/strong><\/p>\n\n\n\n<p>La voz del Road Runner la puso Paul Julian y la siguieron Mel Blanc, Joe Alaskey y Eric Bauza tras el fallecimiento de Paul Julian.<\/p>\n\n\n\n<h2 class=\"wp-block-heading\">11. Pedro Picapiedra<\/h2>\n\n\n\n<div class=\"wp-block-image\"><figure class=\"aligncenter size-medium\"><img loading=\"lazy\" decoding=\"async\" width=\"176\" height=\"300\" src=\"https:\/\/www.animaker.es\/blog\/wp-content\/uploads\/2023\/08\/Fred-176x300.webp\" alt=\"Personaje de dibujos animados de Pedro Picapiedra\" class=\"wp-image-674\" srcset=\"https:\/\/www.animaker.es\/blog\/wp-content\/uploads\/2023\/08\/Fred-176x300.webp 176w, https:\/\/www.animaker.es\/blog\/wp-content\/uploads\/2023\/08\/Fred.webp 397w\" sizes=\"(max-width: 176px) 100vw, 176px\" \/><figcaption><em>Source: <a href=\"https:\/\/hanna-barbera.fandom.com\/wiki\/Fred_Flintstone?file=Fred.png\" target=\"_blank\" rel=\"noreferrer noopener\">Fandom<\/a><\/em><\/figcaption><\/figure><\/div>\n\n\n\n<p>Pedro Picapiedra es un popular y prehist\u00f3rico personaje de la serie animada de televisi\u00f3n &#8220;Los Picapiedra&#8221;. Es el cabeza de familia de los Picapiedra y es muy conocido por su caracter\u00edstico gru\u00f1ido, su afici\u00f3n a los bolos y su particular risa.<\/p>\n\n\n\n<p><strong>\u00bfCu\u00e1ndo se cre\u00f3 Pedro Picapiedra?<\/strong><\/p>\n\n\n\n<p>Pedro Picapiedra fue creado en 1960 por William Hanna y Joseph Barbera en Hanna-Barbera Productions.<\/p>\n\n\n\n<p><strong>\u00bfQui\u00e9n puso la voz a Pedro Picapiedra?<\/strong><\/p>\n\n\n\n<p>Alan Reed puso inicialmente la voz a Pedro Picapiedra. Sin embargo, tras su muerte, otros actores de doblaje como Henry Corden, Frank Welker y otros pusieron la voz a este personaje.<\/p>\n\n\n\n<h2 class=\"wp-block-heading\">12. Betty Boop<\/h2>\n\n\n\n<div class=\"wp-block-image\"><figure class=\"aligncenter size-medium\"><img loading=\"lazy\" decoding=\"async\" width=\"300\" height=\"224\" src=\"https:\/\/www.animaker.es\/blog\/wp-content\/uploads\/2023\/08\/Bopbopadop0-300x224.webp\" alt=\"Personaje de dibujos animados de Betty Boop\" class=\"wp-image-661\" srcset=\"https:\/\/www.animaker.es\/blog\/wp-content\/uploads\/2023\/08\/Bopbopadop0-300x224.webp 300w, https:\/\/www.animaker.es\/blog\/wp-content\/uploads\/2023\/08\/Bopbopadop0-768x575.webp 768w, https:\/\/www.animaker.es\/blog\/wp-content\/uploads\/2023\/08\/Bopbopadop0.webp 810w\" sizes=\"(max-width: 300px) 100vw, 300px\" \/><figcaption><em>Source: <a href=\"https:\/\/bettyboop.fandom.com\/wiki\/BETTY_BOOP_Wiki?file=Bopbopadop0.png\" target=\"_blank\" rel=\"noreferrer noopener\">Fandom<\/a><\/em><\/figcaption><\/figure><\/div>\n\n\n\n<p>Betty Boop es un personaje cl\u00e1sico de animaci\u00f3n de la serie de pel\u00edculas Talkartoon y Betty Boop. Es muy conocida por su coqueta personalidad y su voz \u00fanica.&nbsp; Betty Boop fue creada como un personaje humano, pero m\u00e1s tarde se transform\u00f3 en un caniche franc\u00e9s.<\/p>\n\n\n\n<p><strong>\u00bfCu\u00e1ndo se cre\u00f3 Betty Boop?<\/strong><\/p>\n\n\n\n<p>Betty Boop fue creada en 1930 por Max Fleischer, animador y productor de cine estadounidense.<\/p>\n\n\n\n<p><strong>\u00bfQui\u00e9n puso voz a Betty Boop?<\/strong><\/p>\n\n\n\n<p>La actriz y cantante Margie Hines puso inicialmente la voz a Betty Boop. Tras su muerte, le pusieron voz Little Ann Little, Harriet Lee, Melissa Fahn y Sandy Fox.<\/p>\n\n\n\n<h2 class=\"wp-block-heading\">13. Goofy<\/h2>\n\n\n\n<div class=\"wp-block-image\"><figure class=\"aligncenter size-medium\"><img loading=\"lazy\" decoding=\"async\" width=\"258\" height=\"300\" src=\"https:\/\/www.animaker.es\/blog\/wp-content\/uploads\/2023\/08\/Goofy_transparent-258x300.webp\" alt=\"Personaje de dibujos animados de Goofy\" class=\"wp-image-678\" srcset=\"https:\/\/www.animaker.es\/blog\/wp-content\/uploads\/2023\/08\/Goofy_transparent-258x300.webp 258w, https:\/\/www.animaker.es\/blog\/wp-content\/uploads\/2023\/08\/Goofy_transparent.webp 479w\" sizes=\"(max-width: 258px) 100vw, 258px\" \/><figcaption><em>Source: <a href=\"https:\/\/disney.fandom.com\/wiki\/Goofy?file=Goofy_transparent.png\" target=\"_blank\" rel=\"noreferrer noopener\">Fandom<\/a><\/em><\/figcaption><\/figure><\/div>\n\n\n\n<p>Goofy es un personaje cl\u00e1sico de Disney, adorable y con una personalidad inconfundible. Tambi\u00e9n es muy conocido por su eslogan &#8220;Ah-Hyuck&#8221;. Es un perro alto y antropom\u00f3rfico, de car\u00e1cter torpe y siempre propenso a los accidentes. Pero, en general, se comporta bien y tiene buen car\u00e1cter.<\/p>\n\n\n\n<p><strong>\u00bfCu\u00e1ndo se cre\u00f3 Goofy?<\/strong><\/p>\n\n\n\n<p>Goofy fue creado en 1932 por los animadores de Disney Art Babbitt y Pinto Colvig.<\/p>\n\n\n\n<p><strong>\u00bfQui\u00e9n puso la voz a Goofy?<\/strong><\/p>\n\n\n\n<p>La voz de Goofy la pusieron Pinto Colvig, Dany Webb, Hal Smith, Tony Pope, Will Ryan y Bill Farmer.&nbsp;<\/p>\n\n\n\n<h2 class=\"wp-block-heading\">14. Popeye, el marino<\/h2>\n\n\n\n<div class=\"wp-block-image\"><figure class=\"aligncenter size-full\"><img loading=\"lazy\" decoding=\"async\" width=\"392\" height=\"400\" src=\"https:\/\/www.animaker.es\/blog\/wp-content\/uploads\/2023\/08\/Popeye13.webp\" alt=\"Personaje de dibujos animados de Popeye, el marino\" class=\"wp-image-693\" srcset=\"https:\/\/www.animaker.es\/blog\/wp-content\/uploads\/2023\/08\/Popeye13.webp 392w, https:\/\/www.animaker.es\/blog\/wp-content\/uploads\/2023\/08\/Popeye13-294x300.webp 294w\" sizes=\"(max-width: 392px) 100vw, 392px\" \/><figcaption><em>Source: <a href=\"https:\/\/popeye.fandom.com\/wiki\/Popeye?file=Popeye13.jpg\" target=\"_blank\" rel=\"noreferrer noopener\">Fandom<\/a><\/em><\/figcaption><\/figure><\/div>\n\n\n\n<p>Popeye, el Marino, es un famoso personaje de dibujos animados conocido por sus rasgos f\u00edsicos musculosos, sus ojos entrecerrados y su peculiar forma de hablar. Ha aparecido en numerosos c\u00f3mics, programas de televisi\u00f3n y pel\u00edculas.<\/p>\n\n\n\n<p><strong>\u00bfCu\u00e1ndo se cre\u00f3 Popeye?<\/strong><\/p>\n\n\n\n<p>Popey fue creado en 1929 por el dibujante Elzie Crisler Segar.<\/p>\n\n\n\n<p><strong>\u00bfQui\u00e9n puso la voz a Popeye?<\/strong><\/p>\n\n\n\n<p>William Costello puso la voz a Popeye, y fue uno de los primeros dobladores de Popeye. A lo largo de los a\u00f1os, otros actores, como Jack Mercer, Harry Welch y otros, han puesto voz a Popeye.<\/p>\n\n\n\n<h2 class=\"wp-block-heading\">15. Woody Woodpecker<\/h2>\n\n\n\n<div class=\"wp-block-image\"><figure class=\"aligncenter size-full\"><img loading=\"lazy\" decoding=\"async\" width=\"220\" height=\"258\" src=\"https:\/\/www.animaker.es\/blog\/wp-content\/uploads\/2023\/08\/9B0CF932-B823-44BF-84B2-257263D63E61.webp\" alt=\"Personaje de dibujos animados de P\u00e1jaro carpintero\" class=\"wp-image-656\"\/><figcaption><em>Source: <a href=\"https:\/\/woodywoodpecker.fandom.com\/wiki\/Woody_Woodpecker_(character)?file=9B0CF932-B823-44BF-84B2-257263D63E61.png\" target=\"_blank\" rel=\"noreferrer noopener\">Fandom<\/a><\/em><\/figcaption><\/figure><\/div>\n\n\n\n<p>El <meta charset=\"utf-8\">Woody Woodpecker es un personaje animado cl\u00e1sico conocido por su risa caracter\u00edstica y su personalidad \u00fanica. Es un <meta charset=\"utf-8\">Woody Woodpecker ca\u00f3tico al que le gusta causar problemas y siempre est\u00e1 metido en alg\u00fan l\u00edo. Sin embargo, a pesar de su comportamiento tonto y travieso, Woody es un personaje adorable que lleva entreteniendo m\u00e1s de 80 a\u00f1os.<\/p>\n\n\n\n<p><strong>\u00bfCu\u00e1ndo se cre\u00f3 el <meta charset=\"utf-8\">Woody Woodpecker?<\/strong><\/p>\n\n\n\n<p>El <meta charset=\"utf-8\">Woody Woodpecker fue creado en 1940 por Walter Lantz.<\/p>\n\n\n\n<p><strong>\u00bfQui\u00e9n puso la voz al <meta charset=\"utf-8\">Woody Woodpecker?<\/strong><\/p>\n\n\n\n<p>Mel Blanc puso inicialmente la voz al <meta charset=\"utf-8\">Woody Woodpecker tras su muerte, otros actores de doblaje, como Ben Hardaway, Grace Stafford y Billy West, han puesto voz al personaje.<\/p>\n\n\n\n<h2 class=\"wp-block-heading\">16. Tweety<\/h2>\n\n\n\n<div class=\"wp-block-image\"><figure class=\"aligncenter size-full\"><img loading=\"lazy\" decoding=\"async\" width=\"200\" height=\"359\" src=\"https:\/\/www.animaker.es\/blog\/wp-content\/uploads\/2023\/08\/Tweety_SVG.png\" alt=\"Personaje de dibujos animados de Piol\u00edn\" class=\"wp-image-709\" srcset=\"https:\/\/www.animaker.es\/blog\/wp-content\/uploads\/2023\/08\/Tweety_SVG.png 200w, https:\/\/www.animaker.es\/blog\/wp-content\/uploads\/2023\/08\/Tweety_SVG-167x300.png 167w\" sizes=\"(max-width: 200px) 100vw, 200px\" \/><figcaption><em>Source: <a href=\"https:\/\/looneytunes.fandom.com\/wiki\/Tweety?file=Tweety_%2528SVG%2529.svg\" target=\"_blank\" rel=\"noreferrer noopener\">Fandom<\/a><\/em><\/figcaption><\/figure><\/div>\n\n\n\n<p>Tweety es un simp\u00e1tico y popular personaje de dibujos animados muy conocido por su aspecto inocente, sus largas pesta\u00f1as y su voz aguda. Aunque su aspecto pueda hacer pensar que es femenino, Piol\u00edn es un macho.<\/p>\n\n\n\n<p>Tweety es un canario amarillo que es el objetivo de Silvestre, el gato. El objetivo del gato es atrapar a Piol\u00edn. Pero a pesar de los repetidos y mejores esfuerzos de Silvestre, Tweety consigue burlarle con sus r\u00e1pidos movimientos y su forma de pensar.<\/p>\n\n\n\n<p><strong>\u00bfCu\u00e1ndo se cre\u00f3 Tweety?<\/strong><\/p>\n\n\n\n<p>Tweety apareci\u00f3 por primera vez en 1942 y fue creado por Bob Clampett, animador y dibujante estadounidense.<\/p>\n\n\n\n<p><strong>\u00bfQui\u00e9n puso la voz a Tweety?<\/strong><\/p>\n\n\n\n<p>En sus inicios, la voz de Tweety la pon\u00eda Mel Blanc. Tras su muerte, le siguieron varios actores de doblaje, como Jeff Bergman, Bob Bergen, Sam Vincent, Billy West y muchos otros.<\/p>\n\n\n\n<h2 class=\"wp-block-heading\">17. Las Chicas Superpoderosas<\/h2>\n\n\n\n<div class=\"wp-block-image\"><figure class=\"aligncenter size-medium\"><img loading=\"lazy\" decoding=\"async\" width=\"300\" height=\"224\" src=\"https:\/\/www.animaker.es\/blog\/wp-content\/uploads\/2023\/08\/V-300x224.webp\" alt=\"Personaje de dibujos animados de  Las Chicas Superpoderosas\" class=\"wp-image-711\" srcset=\"https:\/\/www.animaker.es\/blog\/wp-content\/uploads\/2023\/08\/V-300x224.webp 300w, https:\/\/www.animaker.es\/blog\/wp-content\/uploads\/2023\/08\/V.webp 670w\" sizes=\"(max-width: 300px) 100vw, 300px\" \/><figcaption><em>Source: <a href=\"https:\/\/powerpuffgirls.fandom.com\/wiki\/Powerpuff_Girls_Wiki\" target=\"_blank\" rel=\"noreferrer noopener\">Fandom<\/a><\/em><\/figcaption><\/figure><\/div>\n\n\n\n<p>Bombon, Burbuja y Bellota son conocidas colectivamente como Las Chicas Superpoderosas. Son un grupo de superhero\u00ednas que luchan contra el crimen y protegen la ciudad de Saltadilla de enemigos y monstruos.<\/p>\n\n\n\n<p>Bombon es la l\u00edder del grupo, conocida por su inteligencia y capacidad de an\u00e1lisis. Burbuja es un miembro inocente y dulce del equipo que tiene una habilidad \u00fanica para hablar con los animales. Y Bellota es el miembro duro, \u00e1spero y agresivo del equipo, y tambi\u00e9n es la principal luchadora del equipo.<\/p>\n\n\n\n<p><strong>\u00bfCu\u00e1ndo se crearon las Chicas Superpoderosas?<\/strong><\/p>\n\n\n\n<p>Las Chicas Superpoderosas fueron creadas en 1992 por el animador Craig McCracken.<\/p>\n\n\n\n<p><strong>\u00bfQui\u00e9n puso voz a las Chicas Superpoderosas?<\/strong><\/p>\n\n\n\n<p>Cathy Cavadini puso voz a Bombon, Tara Strong a Burbuja y E.G. Daily a Bellota.<\/p>\n\n\n\n<h2 class=\"wp-block-heading\">18. Eric Cartman (South Park)<\/h2>\n\n\n\n<div class=\"wp-block-image\"><figure class=\"aligncenter size-medium\"><img loading=\"lazy\" decoding=\"async\" width=\"300\" height=\"276\" src=\"https:\/\/www.animaker.es\/blog\/wp-content\/uploads\/2023\/08\/Eric-cartman-300x276.webp\" alt=\"Personaje de dibujos animados de  Eric Cartman (South Park)\" class=\"wp-image-672\" srcset=\"https:\/\/www.animaker.es\/blog\/wp-content\/uploads\/2023\/08\/Eric-cartman-300x276.webp 300w, https:\/\/www.animaker.es\/blog\/wp-content\/uploads\/2023\/08\/Eric-cartman-768x707.webp 768w, https:\/\/www.animaker.es\/blog\/wp-content\/uploads\/2023\/08\/Eric-cartman.webp 968w\" sizes=\"(max-width: 300px) 100vw, 300px\" \/><figcaption><em>Source: <a href=\"https:\/\/southpark.fandom.com\/wiki\/Eric_Cartman?file=Eric-cartman.png\" target=\"_blank\" rel=\"noreferrer noopener\">Fandom<\/a><\/em><\/figcaption><\/figure><\/div>\n\n\n\n<p>Eric Cartman es de la serie animada de televisi\u00f3n &#8220;South Park&#8221;. Es un ni\u00f1o travieso y malhablado, a menudo conocido por sus payasadas ofensivas. A pesar de sus actos, Cartman se ha convertido en uno de los personajes m\u00e1s ic\u00f3nicos y queridos de la serie.<\/p>\n\n\n\n<p><strong>\u00bfCu\u00e1ndo se cre\u00f3 Eric Cartman?<\/strong><\/p>\n\n\n\n<p>Eric Cartman fue creado en 1997 por Trey Parker y Matt Stone.<\/p>\n\n\n\n<p><strong>\u00bfQui\u00e9n pone la voz a Eric Cartman?<\/strong><\/p>\n\n\n\n<p>La voz de Eric Cartman la pone Trey Parker, que tambi\u00e9n es uno de los co-creadores de South Park.<\/p>\n\n\n\n<h2 class=\"wp-block-heading\">19. Garfield<\/h2>\n\n\n\n<div class=\"wp-block-image\"><figure class=\"aligncenter size-medium\"><img loading=\"lazy\" decoding=\"async\" width=\"193\" height=\"300\" src=\"https:\/\/www.animaker.es\/blog\/wp-content\/uploads\/2023\/08\/GarfieldCharacter-193x300.webp\" alt=\"Personaje de dibujos animados de Garfield\" class=\"wp-image-676\" srcset=\"https:\/\/www.animaker.es\/blog\/wp-content\/uploads\/2023\/08\/GarfieldCharacter-193x300.webp 193w, https:\/\/www.animaker.es\/blog\/wp-content\/uploads\/2023\/08\/GarfieldCharacter-657x1024.webp 657w, https:\/\/www.animaker.es\/blog\/wp-content\/uploads\/2023\/08\/GarfieldCharacter-768x1197.webp 768w, https:\/\/www.animaker.es\/blog\/wp-content\/uploads\/2023\/08\/GarfieldCharacter-986x1536.webp 986w, https:\/\/www.animaker.es\/blog\/wp-content\/uploads\/2023\/08\/GarfieldCharacter.webp 1000w\" sizes=\"(max-width: 193px) 100vw, 193px\" \/><figcaption><em>Source: <a href=\"https:\/\/garfield.fandom.com\/wiki\/Garfield_(character)?file=GarfieldCharacter.jpg\" target=\"_blank\" rel=\"noreferrer noopener\">Fandom<\/a><\/em><\/figcaption><\/figure><\/div>\n\n\n\n<p>Garfield es un gato naranja gordo y perezoso al que le encanta comer y dormir. Vive con su due\u00f1o Jon Arbuckle y su perro Odie. La serie retrata a Garfield como un gato c\u00ednico, sarc\u00e1stico y egoc\u00e9ntrico. Es conocido por su humor y por hacer comentarios sarc\u00e1sticos sobre su entorno, incluidas las personas y los animales que le rodean.<\/p>\n\n\n\n<p><strong>\u00bfCu\u00e1ndo se cre\u00f3 Garfield?<\/strong><\/p>\n\n\n\n<p>Garfield fue creado en 1978 por Jim Davis.<\/p>\n\n\n\n<p><strong>\u00bfQui\u00e9n puso voz al personaje de Garfield?<\/strong><\/p>\n\n\n\n<p>Muchas personas pusieron voz a Garfield, inicialmente lo hizo Lorenzo Music, pero tras su muerte, Frank Welker, Bill Murray y otros actores de doblaje tomaron el relevo.<\/p>\n\n\n\n<h2 class=\"wp-block-heading\">20. Taz<\/h2>\n\n\n\n<div class=\"wp-block-image\"><figure class=\"aligncenter size-medium\"><img loading=\"lazy\" decoding=\"async\" width=\"251\" height=\"300\" src=\"https:\/\/www.animaker.es\/blog\/wp-content\/uploads\/2023\/08\/Classic-Taz-426x510-1-251x300.webp\" alt=\"Personaje de dibujos animados de Taz\" class=\"wp-image-666\" srcset=\"https:\/\/www.animaker.es\/blog\/wp-content\/uploads\/2023\/08\/Classic-Taz-426x510-1-251x300.webp 251w, https:\/\/www.animaker.es\/blog\/wp-content\/uploads\/2023\/08\/Classic-Taz-426x510-1.webp 426w\" sizes=\"(max-width: 251px) 100vw, 251px\" \/><figcaption><em>Source: <a href=\"https:\/\/looneytunes.fandom.com\/wiki\/Tasmanian_Devil?file=Taz-Looney_Tunes.svg\" target=\"_blank\" rel=\"noreferrer noopener\">Fandom<\/a><\/em><\/figcaption><\/figure><\/div>\n\n\n\n<p>Taz, tambi\u00e9n conocido como el Demonio de Tasmania, es un popular personaje de dibujos animados conocido por su naturaleza salvaje y agresiva. Se presenta como una criatura feroz que tiende a girar como un tornado.<\/p>\n\n\n\n<p><strong>\u00bfCu\u00e1ndo se cre\u00f3 Taz?<\/strong><\/p>\n\n\n\n<p>Taz apareci\u00f3 por primera vez en las pantallas en 1954 y fue creado por Robert McKimson, un animador del estudio Warner Bros Animation.&nbsp;<\/p>\n\n\n\n<p><strong>\u00bfQui\u00e9n puso la voz a Taz?<\/strong><\/p>\n\n\n\n<p>Como muchos otros personajes de esta lista, a Taz tambi\u00e9n le puso voz inicialmente Mel Blanc. Si hacemos recuento, Jim Cummings es quien m\u00e1s veces ha puesto voz a los personajes.<\/p>\n\n\n\n<h2 class=\"wp-block-heading\">21. Elmer Fudd<\/h2>\n\n\n\n<div class=\"wp-block-image\"><figure class=\"aligncenter size-medium\"><img loading=\"lazy\" decoding=\"async\" width=\"204\" height=\"300\" src=\"https:\/\/www.animaker.es\/blog\/wp-content\/uploads\/2023\/08\/Fudd-204x300.webp\" alt=\"Personaje de dibujos animados de Elmer fudd\" class=\"wp-image-675\" srcset=\"https:\/\/www.animaker.es\/blog\/wp-content\/uploads\/2023\/08\/Fudd-204x300.webp 204w, https:\/\/www.animaker.es\/blog\/wp-content\/uploads\/2023\/08\/Fudd.webp 261w\" sizes=\"(max-width: 204px) 100vw, 204px\" \/><figcaption><em>Source: <a href=\"https:\/\/looneytunes.fandom.com\/wiki\/Elmer_Fudd?file=Fudd.png\" target=\"_blank\" rel=\"noreferrer noopener\">Fandom<\/a><\/em><\/figcaption><\/figure><\/div>\n\n\n\n<p>Elmer Fudd es un famoso personaje de Warner Bros Looney Tunes, la serie Merrie Melodies, y el archienemigo de Bugs Bunny. Es uno de los muchos personajes recurrentes de la serie Looney Tunes y a menudo se le representa como un cazador que intenta cazar a una presa escurridiza y atrapar a Bugs Bunny o al Pato Lucas.<\/p>\n\n\n\n<p><strong>\u00bfCu\u00e1ndo se cre\u00f3 Elmer Fudd?<\/strong><\/p>\n\n\n\n<p>Elmer Fudd apareci\u00f3 por primera vez en 1937 y fue creado por Tex Avery. Fue desarrollado y publicado por el estudio de animaci\u00f3n Warner Bros.<\/p>\n\n\n\n<p><strong>\u00bfQui\u00e9n puso la voz a Elmer Fudd?<\/strong><\/p>\n\n\n\n<p>Durante la mayor parte del periodo, Arthur Q. Bryan fue el actor de doblaje. Despu\u00e9s de \u00e9l, varios actores de doblaje han puesto voz a Elmer Fudd a lo largo de los a\u00f1os.<\/p>\n\n\n\n<h2 class=\"wp-block-heading\">22. Marvin el Marciano<\/h2>\n\n\n\n<div class=\"wp-block-image\"><figure class=\"aligncenter size-medium\"><img loading=\"lazy\" decoding=\"async\" width=\"174\" height=\"300\" src=\"https:\/\/www.animaker.es\/blog\/wp-content\/uploads\/2023\/08\/766551BC-31DE-4FDA-BB5E-7ABB65B057ED-174x300.webp\" alt=\"Personaje de dibujos animados de Marvin el Marciano\" class=\"wp-image-659\" srcset=\"https:\/\/www.animaker.es\/blog\/wp-content\/uploads\/2023\/08\/766551BC-31DE-4FDA-BB5E-7ABB65B057ED-174x300.webp 174w, https:\/\/www.animaker.es\/blog\/wp-content\/uploads\/2023\/08\/766551BC-31DE-4FDA-BB5E-7ABB65B057ED-595x1024.webp 595w, https:\/\/www.animaker.es\/blog\/wp-content\/uploads\/2023\/08\/766551BC-31DE-4FDA-BB5E-7ABB65B057ED-768x1322.webp 768w, https:\/\/www.animaker.es\/blog\/wp-content\/uploads\/2023\/08\/766551BC-31DE-4FDA-BB5E-7ABB65B057ED-892x1536.webp 892w, https:\/\/www.animaker.es\/blog\/wp-content\/uploads\/2023\/08\/766551BC-31DE-4FDA-BB5E-7ABB65B057ED.webp 1000w\" sizes=\"(max-width: 174px) 100vw, 174px\" \/><figcaption><em>Source: <a href=\"https:\/\/looneytunes.fandom.com\/wiki\/Marvin_the_Martian?file=766551BC-31DE-4FDA-BB5E-7ABB65B057ED.png\" target=\"_blank\" rel=\"noreferrer noopener\">Fandom<\/a><\/em><\/figcaption><\/figure><\/div>\n\n\n\n<p>Marvin el Marciano es un popular personaje de dibujos animados extraterrestre de Warner Bros, Looney Tunes y Merrie Melodies. Es muy conocido por su caracter\u00edstico casco y su traje verde.<\/p>\n\n\n\n<p><strong>\u00bfCu\u00e1ndo se cre\u00f3 Marvin el Marciano?<\/strong><\/p>\n\n\n\n<p>Marvin el Marciano fue creado en 1948 por Chuck Jones, animador y director de Warner Bros Animation Studio.<\/p>\n\n\n\n<p><strong>\u00bfQui\u00e9n pone voz a Marvin, el marciano?<\/strong><\/p>\n\n\n\n<p>Marvin el Marciano es un personaje muy silencioso conocido por su voz suave y nasal proporcionada por Mel Blanc.&nbsp;<\/p>\n\n\n\n<h2 class=\"wp-block-heading\">23. La Pantera Rosa<\/h2>\n\n\n\n<div class=\"wp-block-image\"><figure class=\"aligncenter size-medium\"><img loading=\"lazy\" decoding=\"async\" width=\"227\" height=\"300\" src=\"https:\/\/www.animaker.es\/blog\/wp-content\/uploads\/2023\/08\/PInky-227x300.webp\" alt=\"Personaje de dibujos animados de La Pantera Rosa\" class=\"wp-image-691\" srcset=\"https:\/\/www.animaker.es\/blog\/wp-content\/uploads\/2023\/08\/PInky-227x300.webp 227w, https:\/\/www.animaker.es\/blog\/wp-content\/uploads\/2023\/08\/PInky.webp 500w\" sizes=\"(max-width: 227px) 100vw, 227px\" \/><figcaption><em>Source: <a href=\"https:\/\/pinkpanther.fandom.com\/wiki\/Pink_Panther_(character)?file=PInky.png\" target=\"_blank\" rel=\"noreferrer noopener\">Fandom<\/a><\/em><\/figcaption><\/figure><\/div>\n\n\n\n<p>La Pantera Rosa es un personaje ficticio de dibujos animados, una pantera antropom\u00f3rfica de voz suave y zalamera, conocida por su labor detectivesca y por su ic\u00f3nico tema musical.<\/p>\n\n\n\n<p><strong>\u00bfCu\u00e1ndo se cre\u00f3 la Pantera Rosa?<\/strong><\/p>\n\n\n\n<p>La Pantera Rosa se cre\u00f3 por primera vez en 1963 y apareci\u00f3 en la serie de animaci\u00f3n &#8220;La Pantera Rosa&#8221;. Este personaje fue creado por Friz Freleng y Hawley Pratt, animadores de DePatie-Freleng Enterprises.<\/p>\n\n\n\n<p><strong>\u00bfQui\u00e9n puso voz a la Pantera Rosa?<\/strong><\/p>\n\n\n\n<p>La Pantera Rosa no habla, sino que se comunica a trav\u00e9s del humor f\u00edsico. Su lenguaje corporal suele ir acompa\u00f1ado de una suave m\u00fasica tem\u00e1tica de jazz.<\/p>\n\n\n\n<h2 class=\"wp-block-heading\">24. F\u00e9lix, el gato<\/h2>\n\n\n\n<div class=\"wp-block-image\"><figure class=\"aligncenter size-full\"><img loading=\"lazy\" decoding=\"async\" width=\"206\" height=\"232\" src=\"https:\/\/www.animaker.es\/blog\/wp-content\/uploads\/2023\/08\/302900_231781686889200_1784968778_n.PNG.webp\" alt=\"Personaje de dibujos animados de F\u00e9lix, el gato\" class=\"wp-image-658\"\/><figcaption><em>Source: <a href=\"https:\/\/felixthecat.fandom.com\/wiki\/Felix_the_Cat?file=302900_231781686889200_1784968778_n.PNG.png\" target=\"_blank\" rel=\"noreferrer noopener\">Fandom<\/a><\/em><\/figcaption><\/figure><\/div>\n\n\n\n<p>F\u00e9lix, el gato, es un personaje de dibujos animados de la \u00e9poca del cine mudo. F\u00e9lix es un gato negro antropom\u00f3rfico con grandes ojos blancos. Es muy conocido por su amplia sonrisa y su comportamiento travieso y juguet\u00f3n que a menudo le pone en situaciones ins\u00f3litas.<\/p>\n\n\n\n<p><strong>\u00bfCu\u00e1ndo se cre\u00f3 el gato F\u00e9lix?<\/strong><\/p>\n\n\n\n<p>El gato F\u00e9lix fue creado en 1919 por Pat Sullivan y Otto Messmer.<\/p>\n\n\n\n<p><strong>\u00bfQui\u00e9n puso voz al gato F\u00e9lix?<\/strong><\/p>\n\n\n\n<p>A lo largo de los a\u00f1os, ha habido varios dobladores para el gato F\u00e9lix. Por nombrar algunos, Walter Tetley, Jack Mercer y Don Oriolo han puesto voz a este ic\u00f3nico gato.&nbsp;<\/p>\n\n\n\n<h2 class=\"wp-block-heading\">25. Johnny Bravo<\/h2>\n\n\n\n<div class=\"wp-block-image\"><figure class=\"aligncenter size-medium\"><img loading=\"lazy\" decoding=\"async\" width=\"261\" height=\"300\" src=\"https:\/\/www.animaker.es\/blog\/wp-content\/uploads\/2023\/08\/Johnnyb001-261x300.webp\" alt=\"Personaje de dibujos animados de Johnny Bravo\" class=\"wp-image-681\" srcset=\"https:\/\/www.animaker.es\/blog\/wp-content\/uploads\/2023\/08\/Johnnyb001-261x300.webp 261w, https:\/\/www.animaker.es\/blog\/wp-content\/uploads\/2023\/08\/Johnnyb001.webp 292w\" sizes=\"(max-width: 261px) 100vw, 261px\" \/><figcaption><em>Source: <a href=\"https:\/\/johnnybravo.fandom.com\/wiki\/Johnny_Bravo_(character)?file=Johnnyb001.gif\" target=\"_blank\" rel=\"noreferrer noopener\">Fandom<\/a><\/em><\/figcaption><\/figure><\/div>\n\n\n\n<p>Johnny Bravo es un personaje humor\u00edstico de la televisi\u00f3n estadounidense conocido por su f\u00edsico, su peinado y su forma de hacer insinuaciones rom\u00e1nticas.<\/p>\n\n\n\n<p><strong>\u00bfCu\u00e1ndo se cre\u00f3 Johnny Bravo?<\/strong><\/p>\n\n\n\n<p>Johnny Bravo apareci\u00f3 por primera vez en la serie &#8220;Cartoon Cartoons&#8221; de Cartoon Network en 1997. Fue creado por Van Partible, un animador filipino-estadounidense.<\/p>\n\n\n\n<p><strong>\u00bfQui\u00e9n puso voz al personaje de Johnny Bravo?<\/strong><\/p>\n\n\n\n<p>La voz de Johnny Bravo la puso el famoso actor de doblaje estadounidense Jeff Bennett, conocido por su trabajo en varios programas de televisi\u00f3n y pel\u00edculas de animaci\u00f3n.&nbsp;<\/p>\n\n\n\n<h2 class=\"wp-block-heading\">26. Casper, el fantasma amistoso<\/h2>\n\n\n\n<div class=\"wp-block-image\"><figure class=\"aligncenter size-medium\"><img loading=\"lazy\" decoding=\"async\" width=\"214\" height=\"300\" src=\"https:\/\/www.animaker.es\/blog\/wp-content\/uploads\/2023\/08\/Casper_render-214x300.webp\" alt=\"Personaje de dibujos animados de Casper, el fantasma amistoso\" class=\"wp-image-664\" srcset=\"https:\/\/www.animaker.es\/blog\/wp-content\/uploads\/2023\/08\/Casper_render-214x300.webp 214w, https:\/\/www.animaker.es\/blog\/wp-content\/uploads\/2023\/08\/Casper_render.webp 567w\" sizes=\"(max-width: 214px) 100vw, 214px\" \/><figcaption><em>Source: <a href=\"https:\/\/casper.fandom.com\/wiki\/Casper_the_Friendly_Ghost_Wiki\" target=\"_blank\" rel=\"noreferrer noopener\">Fandom<\/a><\/em><\/figcaption><\/figure><\/div>\n\n\n\n<p>Casper el Fantasma Amistoso es un entra\u00f1able personaje de animaci\u00f3n conocido por su car\u00e1cter juguet\u00f3n y amable. Tiene una cabeza redonda, una amplia sonrisa y un cuerpo transparente.<\/p>\n\n\n\n<p><strong>\u00bfCu\u00e1ndo se cre\u00f3 Casper el fantasma amistoso?<\/strong><\/p>\n\n\n\n<p>Casper fue visto por primera vez como protagonista de la serie &#8220;Casper&#8221; en 1945. Fue creado por Joe Oriolo, dibujante y animador estadounidense.<\/p>\n\n\n\n<p><strong>\u00bfQui\u00e9n puso voz al fantasma Caspar?<\/strong><\/p>\n\n\n\n<p>Caspar es un personaje mudo y no ten\u00eda actor de doblaje en la serie de animaci\u00f3n original. Sin embargo, su expresi\u00f3n y sus movimientos transmit\u00edan el mensaje. A lo largo de los a\u00f1os, le han puesto voz m\u00faltiples actores de doblaje como Alan Shay, June Foray, Mae Questel, Norma MacMillan, Julie McWhirter, Joanna Ruiz, Christopher Miron, etc.<\/p>\n\n\n\n<h2 class=\"wp-block-heading\">27. Dexter<\/h2>\n\n\n\n<div class=\"wp-block-image\"><figure class=\"aligncenter size-medium\"><img loading=\"lazy\" decoding=\"async\" width=\"190\" height=\"300\" src=\"https:\/\/www.animaker.es\/blog\/wp-content\/uploads\/2023\/08\/DexterS1-2-285x450-1-190x300.webp\" alt=\"Personaje de dibujos animados de Dexter\" class=\"wp-image-668\" srcset=\"https:\/\/www.animaker.es\/blog\/wp-content\/uploads\/2023\/08\/DexterS1-2-285x450-1-190x300.webp 190w, https:\/\/www.animaker.es\/blog\/wp-content\/uploads\/2023\/08\/DexterS1-2-285x450-1.webp 285w\" sizes=\"(max-width: 190px) 100vw, 190px\" \/><figcaption><em>Source: <a href=\"https:\/\/dexter.fandom.com\/wiki\/Home\" target=\"_blank\" rel=\"noreferrer noopener\">Fandom<\/a><\/em><\/figcaption><\/figure><\/div>\n\n\n\n<p>Dexter es un personaje ficticio de la famosa serie de televisi\u00f3n animada estadounidense El laboratorio de Dexter. Es conocido por sus conocimientos cient\u00edficos de genio y por su laboratorio secreto oculto tras una librer\u00eda.<\/p>\n\n\n\n<p><strong>\u00bfCu\u00e1ndo se cre\u00f3 Dexter?<\/strong><\/p>\n\n\n\n<p>Dexter fue creado en 1995 por Genndy Tartakovsky.<\/p>\n\n\n\n<p><strong>\u00bfQui\u00e9n puso voz al personaje de Dexter?<\/strong><\/p>\n\n\n\n<p>Christine Cavanaugh y Candi Milo pusieron voz a Dexter.&nbsp;<\/p>\n\n\n\n<h2 class=\"wp-block-heading\">28. Winnie the Pooh<\/h2>\n\n\n\n<div class=\"wp-block-image\"><figure class=\"aligncenter size-medium\"><img loading=\"lazy\" decoding=\"async\" width=\"300\" height=\"300\" src=\"https:\/\/www.animaker.es\/blog\/wp-content\/uploads\/2023\/08\/Profile_-_Winnie_the_Pooh-768x768-1-300x300.webp\" alt=\"Personaje de dibujos animados de Winnie the Pooh\" class=\"wp-image-694\" srcset=\"https:\/\/www.animaker.es\/blog\/wp-content\/uploads\/2023\/08\/Profile_-_Winnie_the_Pooh-768x768-1-300x300.webp 300w, https:\/\/www.animaker.es\/blog\/wp-content\/uploads\/2023\/08\/Profile_-_Winnie_the_Pooh-768x768-1-150x150.webp 150w, https:\/\/www.animaker.es\/blog\/wp-content\/uploads\/2023\/08\/Profile_-_Winnie_the_Pooh-768x768-1.webp 768w\" sizes=\"(max-width: 300px) 100vw, 300px\" \/><figcaption><em>Source: <a href=\"https:\/\/disney.fandom.com\/wiki\/Winnie_the_Pooh?file=Profile_-_Winnie_the_Pooh.png\" target=\"_blank\" rel=\"noreferrer noopener\">Fandom<\/a><\/em><\/figcaption><\/figure><\/div>\n\n\n\n<p>Winnie the Pooh, tambi\u00e9n conocido como oso Pooh o Pooh, es un oso de peluche antropomorfo de ficci\u00f3n que ha sido un personaje infantil muy querido desde su creaci\u00f3n. Es conocido por su visi\u00f3n sencilla de la vida y su amor por la miel.<\/p>\n\n\n\n<p><strong>\u00bfCu\u00e1ndo se cre\u00f3 Winnie the Pooh?<\/strong><\/p>\n\n\n\n<p>Winnie the Pooh fue creado en 1926 por A.E.H. Shepard e ilustrado por Milne, un autor brit\u00e1nico.<\/p>\n\n\n\n<p><strong>\u00bfQui\u00e9n puso voz a Winnie the Pooh?<\/strong><\/p>\n\n\n\n<p>El actor de doblaje Jim Cummings puso la famosa voz a Winnie Pooh. Otros actores de doblaje notables como Sterling Holloway, Hal Smith y Bad Luckey tambi\u00e9n han puesto voz a Winnie the Pooh.&nbsp;<\/p>\n\n\n\n<h2 class=\"wp-block-heading\">29. El Oso Yogui<\/h2>\n\n\n\n<div class=\"wp-block-image\"><figure class=\"aligncenter size-medium\"><img loading=\"lazy\" decoding=\"async\" width=\"300\" height=\"225\" src=\"https:\/\/www.animaker.es\/blog\/wp-content\/uploads\/2023\/08\/unnamed-file-600x450-1-300x225.webp\" alt=\"Personaje de dibujos animados de El Oso Yogui\" class=\"wp-image-710\" srcset=\"https:\/\/www.animaker.es\/blog\/wp-content\/uploads\/2023\/08\/unnamed-file-600x450-1-300x225.webp 300w, https:\/\/www.animaker.es\/blog\/wp-content\/uploads\/2023\/08\/unnamed-file-600x450-1.webp 600w\" sizes=\"(max-width: 300px) 100vw, 300px\" \/><figcaption><em>Source: <a href=\"https:\/\/hanna-barbera.fandom.com\/wiki\/Yogi_Bear?file=The-History-of-Yogi-Bear.jpg\" target=\"_blank\" rel=\"noreferrer noopener\">Fandom<\/a><\/em><\/figcaption><\/figure><\/div>\n\n\n\n<p>El Oso Yogui es un personaje ficticio de la popular serie animada de televisi\u00f3n &#8220;El show del Oso Yogui&#8221;. Es un oso animal antropom\u00f3rfico que vive en el parque Jellystone y se dedica constantemente a robar las cestas de picnic de los visitantes.<\/p>\n\n\n\n<p><strong>\u00bfCu\u00e1ndo se cre\u00f3 el Oso Yogui?<\/strong><\/p>\n\n\n\n<p>El Oso Yogui apareci\u00f3 por primera vez en 1958 y fue creado por William Hanna y Joseph Barbera, fundadores del estudio de animaci\u00f3n Hanna-Barbera.<\/p>\n\n\n\n<p><strong>\u00bfQui\u00e9n puso la voz al Oso Yogui?<\/strong><\/p>\n\n\n\n<p>Daws Butler fue el actor de doblaje original del Oso Yogui. Tras su muerte en 1988, Greg Burson, Dan Aykroyd y Jeff Bergman pusieron voz al Oso Yogui.&nbsp;<\/p>\n\n\n\n<h2 class=\"wp-block-heading\">30. Silvestre El Gato<\/h2>\n\n\n\n<div class=\"wp-block-image\"><figure class=\"aligncenter size-full\"><img loading=\"lazy\" decoding=\"async\" width=\"157\" height=\"300\" src=\"https:\/\/www.animaker.es\/blog\/wp-content\/uploads\/2023\/08\/Sylvester_the_Cat_SVG-157x300-1.png\" alt=\"Personaje de dibujos animados de Silvestre El Gato\" class=\"wp-image-705\"\/><figcaption><em>Source: <a href=\"https:\/\/looneytunes.fandom.com\/wiki\/Sylvester?file=Sylvester_the_Cat_%2528SVG%2529.svg\" target=\"_blank\" rel=\"noreferrer noopener\">Fandom<\/a><\/em><\/figcaption><\/figure><\/div>\n\n\n\n<p>Silvestre, el gato, es un personaje de ficci\u00f3n y un gato esmoquin antropom\u00f3rfico de la serie de dibujos animados Looney Tunes y Merrie Melodies. Es muy conocido por su caracter\u00edstico ceceo y su interminable persecuci\u00f3n por atrapar a Piol\u00edn.<\/p>\n\n\n\n<p><strong>\u00bfCu\u00e1ndo se cre\u00f3 el gato Silvestre?<\/strong><\/p>\n\n\n\n<p>El gato Silvestre apareci\u00f3 por primera vez en 1945, creado por Friz Freleng, animador y director del estudio Warner Bros Animation.<\/p>\n\n\n\n<p><strong>\u00bfQui\u00e9n puso voz al gato Silvestre?<\/strong><\/p>\n\n\n\n<p>La voz de Silvestre, el gato, la puso Mel Blanc, un famoso actor de doblaje que ha puesto voz a varios personajes de los Looney Toons.<\/p>\n\n\n\n<h2 class=\"wp-block-heading\">31. Dora la Exploradora<\/h2>\n\n\n\n<div class=\"wp-block-image\"><figure class=\"aligncenter size-medium\"><img loading=\"lazy\" decoding=\"async\" width=\"300\" height=\"169\" src=\"https:\/\/www.animaker.es\/blog\/wp-content\/uploads\/2023\/08\/DoraIco-300x169.webp\" alt=\"Personaje de dibujos animados de Dora la Exploradora\" class=\"wp-image-670\" srcset=\"https:\/\/www.animaker.es\/blog\/wp-content\/uploads\/2023\/08\/DoraIco-300x169.webp 300w, https:\/\/www.animaker.es\/blog\/wp-content\/uploads\/2023\/08\/DoraIco.webp 670w\" sizes=\"(max-width: 300px) 100vw, 300px\" \/><figcaption><em>Source: <a href=\"https:\/\/static.wikia.nocookie.net\/doratheexplorer\/images\/c\/c2\/DoraIco.jpeg\/revision\/latest\/scale-to-width-down\/670?cb=20190814031356\" target=\"_blank\" rel=\"noreferrer noopener\">Fandom<\/a><\/em><\/figcaption><\/figure><\/div>\n\n\n\n<p>Dora es una joven latina a la que le encanta explorar y vivir aventuras. El personaje se hizo famoso en un popular programa infantil de televisi\u00f3n llamado Dora la Exploradora. Entretiene a su p\u00fablico con su contagioso entusiasmo, su capacidad para resolver problemas y su amor por el aprendizaje. Es biling\u00fce y habla ingl\u00e9s y espa\u00f1ol con fluidez, lo que la convirti\u00f3 en una figura popular en los hogares latinos.<\/p>\n\n\n\n<p><strong>\u00bfCu\u00e1ndo se cre\u00f3 Dora?<\/strong><\/p>\n\n\n\n<p>Dora fue creada en 2000 por Chris Gifford, Valeri Walsh y Eric Weiner.<\/p>\n\n\n\n<p><strong>\u00bfQui\u00e9n puso voz a Dora, el personaje explorador?<\/strong><\/p>\n\n\n\n<p>Kathleen Herles puso voz a Dora de 2000 a 2008. M\u00e1s tarde, Caitlin Sanchez y Fatima Ptacek pusieron voz al personaje.&nbsp;<\/p>\n\n\n\n<h2 class=\"wp-block-heading\">32. Peppa Pig<\/h2>\n\n\n\n<div class=\"wp-block-image\"><figure class=\"aligncenter size-medium\"><img loading=\"lazy\" decoding=\"async\" width=\"227\" height=\"300\" src=\"https:\/\/www.animaker.es\/blog\/wp-content\/uploads\/2023\/08\/Peppa_Pig-302x400-1-227x300.webp\" alt=\"Personaje de dibujos animados de Peppa Pig\" class=\"wp-image-689\" srcset=\"https:\/\/www.animaker.es\/blog\/wp-content\/uploads\/2023\/08\/Peppa_Pig-302x400-1-227x300.webp 227w, https:\/\/www.animaker.es\/blog\/wp-content\/uploads\/2023\/08\/Peppa_Pig-302x400-1.webp 302w\" sizes=\"(max-width: 227px) 100vw, 227px\" \/><figcaption><em>Source: <a href=\"https:\/\/peppapig.fandom.com\/wiki\/Peppa_Pig_(character)?file=Peppa_Pig.png\" target=\"_blank\" rel=\"noreferrer noopener\">Fandom<\/a><\/em><\/figcaption><\/figure><\/div>\n\n\n\n<p>Peppa Pig es una serie de televisi\u00f3n brit\u00e1nica de animaci\u00f3n que sigue el viaje de una joven cerdita llamada Peppa junto a su familia y amigos. Este programa es conocido por su contenido educativo que ense\u00f1a a los ni\u00f1os conceptos b\u00e1sicos como los colores, los n\u00fameros, el alfabeto, habilidades sociales y mucho m\u00e1s.<\/p>\n\n\n\n<p><strong>\u00bfCu\u00e1ndo se cre\u00f3 Peppa Pig?<\/strong><\/p>\n\n\n\n<p>Peppa Pig fue creada en 2004 por Neville Astley y Mark Baker.<\/p>\n\n\n\n<p><strong>\u00bfQui\u00e9n es el doblador de Peppa Pig?<\/strong><\/p>\n\n\n\n<p>La artista de voz de Peppa Pig fue Lily Snowden en la primera temporada. Cecily Bloom, Amelie Bea Smith, John Sparkles, Morwenna Banks, Richard Ridings, Oliver May y Alice May pusieron las voces en las siguientes temporadas.&nbsp;<\/p>\n\n\n\n<h2 class=\"wp-block-heading\">33. Stewie Griffin<\/h2>\n\n\n\n<div class=\"wp-block-image\"><figure class=\"aligncenter size-medium\"><img loading=\"lazy\" decoding=\"async\" width=\"241\" height=\"300\" src=\"https:\/\/www.animaker.es\/blog\/wp-content\/uploads\/2023\/08\/FamilyGuy_Single_StewieBackpack_R7-321x400-1-241x300.webp\" alt=\"Personaje de dibujos animados de Stewie Griffin\" class=\"wp-image-673\" srcset=\"https:\/\/www.animaker.es\/blog\/wp-content\/uploads\/2023\/08\/FamilyGuy_Single_StewieBackpack_R7-321x400-1-241x300.webp 241w, https:\/\/www.animaker.es\/blog\/wp-content\/uploads\/2023\/08\/FamilyGuy_Single_StewieBackpack_R7-321x400-1.webp 321w\" sizes=\"(max-width: 241px) 100vw, 241px\" \/><figcaption><em>Source: <a href=\"https:\/\/familyguy.fandom.com\/wiki\/Stewie_Griffin\" target=\"_blank\" rel=\"noreferrer noopener\">Fandom<\/a><\/em><\/figcaption><\/figure><\/div>\n\n\n\n<p>Stewie Griffin es un popular y famoso personaje de ficci\u00f3n de la serie de televisi\u00f3n estadounidense &#8220;Padre de Familia&#8221;. Es el hijo menor de la familia Griffin y es muy conocido por su comportamiento inteligente y siniestro.<\/p>\n\n\n\n<p><strong>\u00bfCu\u00e1ndo se cre\u00f3 Stewie Griffin?<\/strong><\/p>\n\n\n\n<p>Stewie Griffin fue creado en 1999 por Seth MacFarlane, el creador de Padre de Familia.<\/p>\n\n\n\n<p><strong>\u00bfQui\u00e9n puso voz a Stewie Griffin?<\/strong><\/p>\n\n\n\n<p>El propio Seth MacFarlane puso voz a Stewie Griffin.<\/p>\n\n\n\n<h2 class=\"wp-block-heading\">34. Snowy<\/h2>\n\n\n\n<div class=\"wp-block-image\"><figure class=\"aligncenter size-medium\"><img loading=\"lazy\" decoding=\"async\" width=\"234\" height=\"300\" src=\"https:\/\/www.animaker.es\/blog\/wp-content\/uploads\/2023\/08\/Picture_2-312x400-1-234x300.webp\" alt=\"Personaje de dibujos animados de Snowy\" class=\"wp-image-690\" srcset=\"https:\/\/www.animaker.es\/blog\/wp-content\/uploads\/2023\/08\/Picture_2-312x400-1-234x300.webp 234w, https:\/\/www.animaker.es\/blog\/wp-content\/uploads\/2023\/08\/Picture_2-312x400-1.webp 312w\" sizes=\"(max-width: 234px) 100vw, 234px\" \/><figcaption><em>Source: <a href=\"https:\/\/tintin.fandom.com\/wiki\/Snowy?file=Picture+2.png\" target=\"_blank\" rel=\"noreferrer noopener\">Fandom<\/a><\/em><\/figcaption><\/figure><\/div>\n\n\n\n<p>Snowy es un perro blanco de raza Wire Fox Terrier y el fiel compa\u00f1ero del personaje de c\u00f3mic TinTin. Snowy acompa\u00f1a a TinTin en muchas aventuras por todo el mundo. Es conocido por su aguda inteligencia, ingenio y valent\u00eda.<\/p>\n\n\n\n<p>Snowy tiene una habilidad \u00fanica para comunicarse con TinTin a trav\u00e9s de sus expresiones faciales y su lenguaje corporal. Lo utiliza para se\u00f1alar el peligro y alertar a TinTin durante sus aventuras.<\/p>\n\n\n\n<p><strong>\u00bfCu\u00e1ndo se cre\u00f3 Mil\u00fa?<\/strong><\/p>\n\n\n\n<p>Mil\u00fa apareci\u00f3 por primera vez en el c\u00f3mic TinTin en 1929 y fue creado por Georges Remi, un dibujante belga.<\/p>\n\n\n\n<p><strong>\u00bfQui\u00e9n puso voz al personaje Mil\u00fa?<\/strong><\/p>\n\n\n\n<p>Mil\u00fa no tiene voz y, por lo tanto, no tiene doblador.<\/p>\n\n\n\n<h2 class=\"wp-block-heading\">35. Fantasma espacial<\/h2>\n\n\n\n<div class=\"wp-block-image\"><figure class=\"aligncenter size-medium\"><img loading=\"lazy\" decoding=\"async\" width=\"300\" height=\"188\" src=\"https:\/\/www.animaker.es\/blog\/wp-content\/uploads\/2023\/08\/Space_Ghost-640x400-1-300x188.webp\" alt=\"Personaje de dibujos animados de Fantasma espacial\" class=\"wp-image-703\" srcset=\"https:\/\/www.animaker.es\/blog\/wp-content\/uploads\/2023\/08\/Space_Ghost-640x400-1-300x188.webp 300w, https:\/\/www.animaker.es\/blog\/wp-content\/uploads\/2023\/08\/Space_Ghost-640x400-1.webp 640w\" sizes=\"(max-width: 300px) 100vw, 300px\" \/><figcaption><em>Source: <a href=\"https:\/\/superheroes.fandom.com\/wiki\/Space_Ghost?file=Space_Ghost.jpg\" target=\"_blank\" rel=\"noreferrer noopener\">Fandom<\/a><\/em><\/figcaption><\/figure><\/div>\n\n\n\n<p>El Fantasma Espacial es un superh\u00e9roe ficticio que lucha contra el crimen intergal\u00e1ctico desde el planeta fantasma. Tiene habilidades \u00fanicas y superpoderes que pueden hacerle invisible, volar y sobrevivir en el espacio.<\/p>\n\n\n\n<p><strong>\u00bfCu\u00e1ndo se cre\u00f3 el Fantasma Espacial?<\/strong><\/p>\n\n\n\n<p>El Fantasma Espacial fue creado en 1966 y apareci\u00f3 en &#8220;The Heat Thing&#8221;. Fue creado por Alex Toth, William Hanna y Joseph Barbera.<\/p>\n\n\n\n<p><strong>\u00bfQui\u00e9n puso voz al Fantasma Espacial?<\/strong><\/p>\n\n\n\n<p>Gary Owens puso voz al personaje del Fantasma Espacial en la serie original. M\u00e1s tarde, a medida que avanzaba la serie, George Lowe puso voz al personaje.<\/p>\n\n\n\n<h2 class=\"wp-block-heading\">36. Hello Kitty<\/h2>\n\n\n\n<div class=\"wp-block-image\"><figure class=\"aligncenter size-medium\"><img loading=\"lazy\" decoding=\"async\" width=\"265\" height=\"300\" src=\"https:\/\/www.animaker.es\/blog\/wp-content\/uploads\/2023\/08\/Sanrio_Characters_Hello_Kitty_Image026-265x300.webp\" alt=\"Personaje de dibujos animados de Hello Kitty\" class=\"wp-image-698\" srcset=\"https:\/\/www.animaker.es\/blog\/wp-content\/uploads\/2023\/08\/Sanrio_Characters_Hello_Kitty_Image026-265x300.webp 265w, https:\/\/www.animaker.es\/blog\/wp-content\/uploads\/2023\/08\/Sanrio_Characters_Hello_Kitty_Image026.webp 672w\" sizes=\"(max-width: 265px) 100vw, 265px\" \/><figcaption><em>Source: <a href=\"https:\/\/hellokitty.fandom.com\/wiki\/Hello_Kitty\" target=\"_blank\" rel=\"noreferrer noopener\">Fandom<\/a><\/em><\/figcaption><\/figure><\/div>\n\n\n\n<p>Hello Kitty es un personaje de ficci\u00f3n que se ha convertido en un icono de la cultura japonesa y mundial. Es una simp\u00e1tica gata antropomorfa con rasgos distintivos, como un lazo rojo en la cabeza y la ausencia de boca.<\/p>\n\n\n\n<p><strong>\u00bfCu\u00e1ndo se cre\u00f3 Hello Kitty?<\/strong><\/p>\n\n\n\n<p>La primera aparici\u00f3n de Hello Kitty fue en 1974, creada por Sanrio, una empresa japonesa especializada en la producci\u00f3n de simp\u00e1ticos personajes. Al principio apareci\u00f3 en un monedero de vinilo. En 1990 se hizo tan popular que se lanz\u00f3 una serie de dibujos animados.<\/p>\n\n\n\n<p><strong>\u00bfQui\u00e9n pone voz a Hello Kitty?<\/strong><\/p>\n\n\n\n<p>Desde 1990 hasta la actualidad, Megumi Hayashibara ha puesto voz a Hello Kitty. Otras versiones de Hello Kitty en diferentes series han sido interpretadas por Sarah Williams, Julia Sales, Juliet Simmons, Tara Strong, Kyoko Hikami, Seth Green y Candace Bailey.<\/p>\n\n\n\n<h2 class=\"wp-block-heading\">37. He-Man<\/h2>\n\n\n\n<div class=\"wp-block-image\"><figure class=\"aligncenter size-medium\"><img loading=\"lazy\" decoding=\"async\" width=\"235\" height=\"300\" src=\"https:\/\/www.animaker.es\/blog\/wp-content\/uploads\/2023\/08\/HeMan-235x300.webp\" alt=\"Personaje de dibujos animados de He-man\" class=\"wp-image-679\" srcset=\"https:\/\/www.animaker.es\/blog\/wp-content\/uploads\/2023\/08\/HeMan-235x300.webp 235w, https:\/\/www.animaker.es\/blog\/wp-content\/uploads\/2023\/08\/HeMan.webp 352w\" sizes=\"(max-width: 235px) 100vw, 235px\" \/><figcaption><em>Source: <a href=\"https:\/\/he-man.fandom.com\/wiki\/He-Man\" target=\"_blank\" rel=\"noreferrer noopener\">Fandom<\/a><\/em><\/figcaption><\/figure><\/div>\n\n\n\n<p>He-Man es un superh\u00e9roe de ficci\u00f3n y el personaje principal de la franquicia Masters of the Universe. Posee una fuerza incre\u00edble y una espada m\u00e1gica que le permite proteger al mundo de las fuerzas malignas de Skeletor, el archienemigo de He-Man.<\/p>\n\n\n\n<p><strong>\u00bfCu\u00e1ndo se cre\u00f3 He-Man?<\/strong><\/p>\n\n\n\n<p>He-Man fue creado en 1982 por la empresa de juguetes Mattel.<\/p>\n\n\n\n<p><strong>\u00bfQui\u00e9n puso voz a He-Man?<\/strong><\/p>\n\n\n\n<p>El actor John Erwin puso voz a He-Man. En las series posteriores, le puso voz el actor Cam Clarke.<\/p>\n\n\n\n<h2 class=\"wp-block-heading\">38. Goku<\/h2>\n\n\n\n<div class=\"wp-block-image\"><figure class=\"aligncenter size-medium\"><img loading=\"lazy\" decoding=\"async\" width=\"152\" height=\"300\" src=\"https:\/\/www.animaker.es\/blog\/wp-content\/uploads\/2023\/08\/Goku_anime_profile-152x300.webp\" alt=\"Personaje de dibujos animados de Goku\" class=\"wp-image-677\" srcset=\"https:\/\/www.animaker.es\/blog\/wp-content\/uploads\/2023\/08\/Goku_anime_profile-152x300.webp 152w, https:\/\/www.animaker.es\/blog\/wp-content\/uploads\/2023\/08\/Goku_anime_profile.webp 505w\" sizes=\"(max-width: 152px) 100vw, 152px\" \/><figcaption><em>Source: <a href=\"https:\/\/dragonball.fandom.com\/wiki\/Goku\" target=\"_blank\" rel=\"noreferrer noopener\">Fandom<\/a><\/em><\/figcaption><\/figure><\/div>\n\n\n\n<p>Goku es un personaje de ficci\u00f3n y el protagonista principal de la popular serie japonesa de anime y manga Dragon Ball. Goku es uno de los personajes m\u00e1s ic\u00f3nicos y reconocibles de la cultura popular japonesa. Goku es un poderoso guerrero de coraz\u00f3n puro perteneciente a la raza ficticia de los saiyans. Posee una fuerza, velocidad y agilidad incre\u00edbles, as\u00ed como la capacidad de manipular la energ\u00eda y volar. Goku es conocido por su inquebrantable determinaci\u00f3n, as\u00ed como por su naturaleza bondadosa y compasiva.<\/p>\n\n\n\n<p><strong>\u00bfCu\u00e1ndo se cre\u00f3 Goku?<\/strong><\/p>\n\n\n\n<p>Goku fue creado por el dibujante japon\u00e9s Akira Toriyama en 1984.<\/p>\n\n\n\n<p><strong>\u00bfQui\u00e9n puso voz al personaje de Goku?<\/strong><\/p>\n\n\n\n<p>En la versi\u00f3n original japonesa del anime, la voz de Goku la pone la veterana actriz Masako Nozawa. En la versi\u00f3n doblada al ingl\u00e9s del anime, Goku ha sido doblado por diferentes actores a lo largo de los a\u00f1os, como Sean Schemmel, Peter Kelamis, Ian James Corlett y Kirby Morrow.<\/p>\n\n\n\n<h2 class=\"wp-block-heading\">39. Snake Eyes<\/h2>\n\n\n\n<div class=\"wp-block-image\"><figure class=\"aligncenter size-medium\"><img loading=\"lazy\" decoding=\"async\" width=\"271\" height=\"300\" src=\"https:\/\/www.animaker.es\/blog\/wp-content\/uploads\/2023\/08\/Snake-Eyes_af2-271x300.webp\" alt=\"Personaje de dibujos animados de Snake Eyes\" class=\"wp-image-702\" srcset=\"https:\/\/www.animaker.es\/blog\/wp-content\/uploads\/2023\/08\/Snake-Eyes_af2-271x300.webp 271w, https:\/\/www.animaker.es\/blog\/wp-content\/uploads\/2023\/08\/Snake-Eyes_af2.webp 683w\" sizes=\"(max-width: 271px) 100vw, 271px\" \/><figcaption><em>Source: <a href=\"https:\/\/gijoe.fandom.com\/wiki\/Snake_Eyes_(RAH)\" target=\"_blank\" rel=\"noreferrer noopener\">Fandom<\/a><\/em><\/figcaption><\/figure><\/div>\n\n\n\n<p>Snake Eyes es un miembro vital de la familia GI Joe, un equipo de 12 miembros que representaba a cuatro de las ramas de las Fuerzas Armadas de Estados Unidos. Snake Eyes es una persona muy misteriosa que es un h\u00e1bil espadach\u00edn, combatiente cuerpo a cuerpo y tirador. Es experto en el manejo de armas tradicionales y modernas.<\/p>\n\n\n\n<p><strong>\u00bfCu\u00e1ndo se cre\u00f3 Snake Eyes?<\/strong><\/p>\n\n\n\n<p>Hasbro, Marvel Productions y Sunblow Productions crearon en 1983 a Snake Eyes y a toda la familia G.I. Joe.<\/p>\n\n\n\n<p><strong>\u00bfQui\u00e9n puso voz al personaje de Snake Eyes?<\/strong><\/p>\n\n\n\n<p>Esta serie cont\u00f3 con un gran equipo de m\u00faltiples dobladores. Chris Latta como el comandante Cobra, Arthur Burghardt como Destro, Michael Bell como Duke, y muchos m\u00e1s.<\/p>\n\n\n\n<h2 class=\"wp-block-heading\">40. Lion-O<\/h2>\n\n\n\n<div class=\"wp-block-image\"><figure class=\"aligncenter size-medium\"><img loading=\"lazy\" decoding=\"async\" width=\"300\" height=\"233\" src=\"https:\/\/www.animaker.es\/blog\/wp-content\/uploads\/2023\/08\/LionOFromThunderCats1985SeriesEpisodeTroubleWithTimeSc01-300x233.webp\" alt=\"Personaje de dibujos animados de Lion-o\" class=\"wp-image-683\" srcset=\"https:\/\/www.animaker.es\/blog\/wp-content\/uploads\/2023\/08\/LionOFromThunderCats1985SeriesEpisodeTroubleWithTimeSc01-300x233.webp 300w, https:\/\/www.animaker.es\/blog\/wp-content\/uploads\/2023\/08\/LionOFromThunderCats1985SeriesEpisodeTroubleWithTimeSc01.webp 640w\" sizes=\"(max-width: 300px) 100vw, 300px\" \/><figcaption><em>Source: <a href=\"https:\/\/thundercats.fandom.com\/wiki\/Lion-O\" target=\"_blank\" rel=\"noreferrer noopener\">Fandom<\/a><\/em><\/figcaption><\/figure><\/div>\n\n\n\n<p>Lion-o es el l\u00edder de los ThunderCats, un grupo de alien\u00edgenas humanoides con aspecto de gato que se encuentran varados en el planeta Tercera Tierra tras la destrucci\u00f3n de su planeta natal, Thundera. Lion-o posee fuerza f\u00edsica y un gran sentido de la moralidad, lo que le convierte en el l\u00edder ideal de los ThunderCats. Una de las caracter\u00edsticas que definen a Lion-O es su sentido del honor y del deber.<\/p>\n\n\n\n<p><strong>\u00bfCu\u00e1ndo se cre\u00f3 Lion-O?<\/strong><\/p>\n\n\n\n<p>Los Thundercats fueron creados en 1985 por Tobin &#8220;Ted&#8221; Wolf y Leonard Starr.<\/p>\n\n\n\n<p><strong>\u00bfQui\u00e9n puso voz al personaje de Lion-O?<\/strong><\/p>\n\n\n\n<p>En la serie original de &#8220;ThunderCats&#8221;, Larry Kenney pon\u00eda voz a Le\u00f3n-O. En el reinicio de la serie de 2011, Will Friedle puso voz a Lion-O.<\/p>\n\n\n\n<h2 class=\"wp-block-heading\">41. Naruto<\/h2>\n\n\n\n<div class=\"wp-block-image\"><figure class=\"aligncenter size-full\"><img loading=\"lazy\" decoding=\"async\" width=\"320\" height=\"320\" src=\"https:\/\/www.animaker.es\/blog\/wp-content\/uploads\/2023\/08\/Wikia-Visualization-Main2Cnaruto.webp\" alt=\"Personnages du dessin anim\u00e9 Naruto\" class=\"wp-image-712\" srcset=\"https:\/\/www.animaker.es\/blog\/wp-content\/uploads\/2023\/08\/Wikia-Visualization-Main2Cnaruto.webp 320w, https:\/\/www.animaker.es\/blog\/wp-content\/uploads\/2023\/08\/Wikia-Visualization-Main2Cnaruto-300x300.webp 300w, https:\/\/www.animaker.es\/blog\/wp-content\/uploads\/2023\/08\/Wikia-Visualization-Main2Cnaruto-150x150.webp 150w\" sizes=\"(max-width: 320px) 100vw, 320px\" \/><figcaption><em>Source: <a href=\"https:\/\/naruto.fandom.com\/wiki\/Narutopedia\" target=\"_blank\" rel=\"noreferrer noopener\">Fandom<\/a><\/em><\/figcaption><\/figure><\/div>\n\n\n\n<p>Naruto es un joven ninja que sue\u00f1a con convertirse en el Hokage, el l\u00edder de su aldea. Naruto es un chico joven y en\u00e9rgico con un fuerte sentido de la determinaci\u00f3n y una actitud de nunca rendirse. A menudo se le considera un poco alborotador debido a su impulsividad y a su deseo de demostrar su val\u00eda a los dem\u00e1s. A pesar de ello, Naruto es un amigo leal y cari\u00f1oso que har\u00e1 todo lo posible por proteger a sus seres queridos.<\/p>\n\n\n\n<p><strong>\u00bfCu\u00e1ndo se cre\u00f3 Naruto?<\/strong><\/p>\n\n\n\n<p>Naruto fue creado por Masashi Kishimoto en 1997.<\/p>\n\n\n\n<p><strong>\u00bfQui\u00e9n puso voz al personaje de Naruto?<\/strong><\/p>\n\n\n\n<p>Junko Takeuchi puso voz a Naruto en la versi\u00f3n original japonesa del anime. En la versi\u00f3n doblada al ingl\u00e9s, la voz de Naruto la puso Maile Flanagan.<\/p>\n\n\n\n<h2 class=\"wp-block-heading\">42. Optimus Prime<\/h2>\n\n\n\n<div class=\"wp-block-image\"><figure class=\"aligncenter size-medium\"><img loading=\"lazy\" decoding=\"async\" width=\"216\" height=\"300\" src=\"https:\/\/www.animaker.es\/blog\/wp-content\/uploads\/2023\/08\/Tu-character-art_optimus-216x300.webp\" alt=\"Personaje de dibujos animados de Optimus Prime\" class=\"wp-image-708\" srcset=\"https:\/\/www.animaker.es\/blog\/wp-content\/uploads\/2023\/08\/Tu-character-art_optimus-216x300.webp 216w, https:\/\/www.animaker.es\/blog\/wp-content\/uploads\/2023\/08\/Tu-character-art_optimus.webp 700w\" sizes=\"(max-width: 216px) 100vw, 216px\" \/><figcaption><em>Source: <a href=\"https:\/\/transformers.fandom.com\/wiki\/Optimus_Prime_TFP\" target=\"_blank\" rel=\"noreferrer noopener\">Fandom<\/a><\/em><\/figcaption><\/figure><\/div>\n\n\n\n<p>Optimus Prime es el l\u00edder de los Autobots, un grupo de Transformers (robots) cuyo objetivo es proteger del mal a los humanos y a otras especies de la galaxia. Optimus Prime era originalmente un humanoide llamado Orion Pax, que fue elegido por el Alto Consejo y encargado de liderar a los Autobots. Los Transformers son famosos por transformarse de coches en robots.<\/p>\n\n\n\n<p><strong>\u00bfCu\u00e1ndo se cre\u00f3 Optimus Prime?<\/strong><\/p>\n\n\n\n<p>Optimus Prime y los dem\u00e1s personajes de Transformers fueron creados originalmente por Hasbro en 1983.<\/p>\n\n\n\n<p><strong>\u00bfQui\u00e9n puso voz al personaje Optimus Prime?<\/strong><\/p>\n\n\n\n<p>En japon\u00e9s, Optimus Prime fue doblado por Tessh\u014d Genda, Satoshi Hashimoto, Toru Ohkawa, Katsuyuki Konishi, Taiten Kusunoki, Hiroki Takahashi y Toshiyuki Morikawa. En ingl\u00e9s, Peter Cullen, Ron Hayden, Neil Kaplan, Garry Chalk, David Kaye, Jon Bailey y Alan Tudyk pusieron voz a Optimus.<\/p>\n\n\n\n<h2 class=\"wp-block-heading\">43. Angelica Pickles<\/h2>\n\n\n\n<div class=\"wp-block-image\"><figure class=\"aligncenter size-medium\"><img loading=\"lazy\" decoding=\"async\" width=\"260\" height=\"300\" src=\"https:\/\/www.animaker.es\/blog\/wp-content\/uploads\/2023\/08\/Angelica_Pickles-260x300.webp\" alt=\"Personaje de dibujos animados de Angelica Pickles\" class=\"wp-image-660\" srcset=\"https:\/\/www.animaker.es\/blog\/wp-content\/uploads\/2023\/08\/Angelica_Pickles-260x300.webp 260w, https:\/\/www.animaker.es\/blog\/wp-content\/uploads\/2023\/08\/Angelica_Pickles.webp 364w\" sizes=\"(max-width: 260px) 100vw, 260px\" \/><figcaption><em>Source: <a href=\"https:\/\/rugrats.fandom.com\/wiki\/Angelica_Pickles\" target=\"_blank\" rel=\"noreferrer noopener\">Fandom<\/a><\/em><\/figcaption><\/figure><\/div>\n\n\n\n<p>Angelica Pickles es una ni\u00f1a de 3 a\u00f1os y uno de los personajes principales de la serie de televisi\u00f3n animada &#8220;Rugrats&#8221;. Es conocida por su comportamiento de villana, en el que amenaza a otros beb\u00e9s de todas las formas posibles. Adem\u00e1s de sus cualidades materialistas y astutas, tambi\u00e9n es conocida por sus coletas con lazos morados.<\/p>\n\n\n\n<p><strong>\u00bfCu\u00e1ndo se cre\u00f3 Angelica Pickles?<\/strong><\/p>\n\n\n\n<p>La serie de animaci\u00f3n Rugrats se estren\u00f3 en Nickelodeon en 1991 y fue creada por Arlene Klasky, Gabor Csupo y Paul Herman.<\/p>\n\n\n\n<p><strong>\u00bfQui\u00e9n puso voz al personaje de Angelica Pickles?<\/strong><\/p>\n\n\n\n<p>Cheryl Chase puso voz a la versi\u00f3n infantil de Angelica. Sylvie Jacob puso voz a la versi\u00f3n adolescente de Angelica.<\/p>\n\n\n\n<h2 class=\"wp-block-heading\">44. Sakura Cardcaptor<\/h2>\n\n\n\n<div class=\"wp-block-image\"><figure class=\"aligncenter size-medium\"><img loading=\"lazy\" decoding=\"async\" width=\"300\" height=\"201\" src=\"https:\/\/www.animaker.es\/blog\/wp-content\/uploads\/2023\/08\/Slider_Manga-300x201.webp\" alt=\"Personaje de dibujos animados de Sakura Cardcaptor:\" class=\"wp-image-701\" srcset=\"https:\/\/www.animaker.es\/blog\/wp-content\/uploads\/2023\/08\/Slider_Manga-300x201.webp 300w, https:\/\/www.animaker.es\/blog\/wp-content\/uploads\/2023\/08\/Slider_Manga.webp 670w\" sizes=\"(max-width: 300px) 100vw, 300px\" \/><figcaption><em>Source: <a href=\"https:\/\/ccsakura.fandom.com\/wiki\/Cardcaptor_Sakura_Wiki\" target=\"_blank\" rel=\"noreferrer noopener\">Fandom<\/a><\/em><\/figcaption><\/figure><\/div>\n\n\n\n<p>Sakura Kinomoto es una ni\u00f1a de 10 a\u00f1os que accidentalmente desata un conjunto de cartas m\u00e1gicas conocidas como Cartas Clow. Es conocida por su personalidad bondadosa, su determinaci\u00f3n y su valent\u00eda. Sakura es una persona muy cari\u00f1osa y compasiva, y siempre que puede intenta ayudar a los dem\u00e1s. Tambi\u00e9n es muy leal a sus amigos y familiares, y siempre est\u00e1 dispuesta a ponerse en peligro para protegerlos. A pesar de su corta edad, Sakura posee un gran sentido de la responsabilidad y una fuerte br\u00fajula moral, que ayudan a guiar sus acciones a lo largo de la serie.<\/p>\n\n\n\n<p><strong>\u00bfCu\u00e1ndo se cre\u00f3 Cardcaptor Sakura?<\/strong><\/p>\n\n\n\n<p>Cardcaptor Sakura fue creada por el grupo art\u00edstico femenino CLAMP en 1996.<\/p>\n\n\n\n<p><strong>\u00bfQui\u00e9n puso voz a Cardcaptor Sakura?<\/strong><\/p>\n\n\n\n<p>Sakura Kinomoto fue doblada por Sakura Tange en la adaptaci\u00f3n al anime. En el doblaje ingl\u00e9s, la voz de Sakura Kinomoto la puso Carly McKillip.<\/p>\n\n\n\n<h2 class=\"wp-block-heading\">45. Rick y Morty<\/h2>\n\n\n\n<div class=\"wp-block-image\"><figure class=\"aligncenter size-medium\"><img loading=\"lazy\" decoding=\"async\" width=\"300\" height=\"129\" src=\"https:\/\/www.animaker.es\/blog\/wp-content\/uploads\/2023\/08\/RICK_MORTY_BILLBOARD_72-300x129.webp\" alt=\"Personaje de dibujos animados de Rick y Morty:\" class=\"wp-image-696\" srcset=\"https:\/\/www.animaker.es\/blog\/wp-content\/uploads\/2023\/08\/RICK_MORTY_BILLBOARD_72-300x129.webp 300w, https:\/\/www.animaker.es\/blog\/wp-content\/uploads\/2023\/08\/RICK_MORTY_BILLBOARD_72-768x329.webp 768w, https:\/\/www.animaker.es\/blog\/wp-content\/uploads\/2023\/08\/RICK_MORTY_BILLBOARD_72.webp 1000w\" sizes=\"(max-width: 300px) 100vw, 300px\" \/><figcaption><em>Source: <a href=\"https:\/\/rickandmorty.fandom.com\/wiki\/Rickipedia\" target=\"_blank\" rel=\"noreferrer noopener\">Fandom<\/a><\/em><\/figcaption><\/figure><\/div>\n\n\n\n<p>Rick y Morty son los dos personajes principales y protagonistas de la comedia de ciencia ficci\u00f3n animada estadounidense &#8220;Rick y Morty&#8221;. Muestra el viaje de Rick S\u00e1nchez, un cient\u00edfico c\u00ednico y alcoh\u00f3lico, junto con su nieto de buen coraz\u00f3n Morty Smith. Viajan por diferentes dimensiones y se encuentran con extra\u00f1as criaturas.<\/p>\n\n\n\n<p><strong>\u00bfCu\u00e1ndo se crearon Rick y Morty?<\/strong><\/p>\n\n\n\n<p>El primer episodio de Rick y Morty se estren\u00f3 en 2013 y fue creado por Justin Roilan y Dan Harmon.<\/p>\n\n\n\n<p><strong>Qui\u00e9n puso voz a los personajes de Rick y Morty?<\/strong><\/p>\n\n\n\n<p>Justin Roiland puso voz tanto a Rick como a Morty.<\/p>\n\n\n\n<h2 class=\"wp-block-heading\">46. Pluto<\/h2>\n\n\n\n<div class=\"wp-block-image\"><figure class=\"aligncenter size-medium\"><img loading=\"lazy\" decoding=\"async\" width=\"158\" height=\"300\" src=\"https:\/\/www.animaker.es\/blog\/wp-content\/uploads\/2023\/08\/Pluto.PNG-158x300.webp\" alt=\"Personaje de dibujos animados de Pluto\" class=\"wp-image-692\" srcset=\"https:\/\/www.animaker.es\/blog\/wp-content\/uploads\/2023\/08\/Pluto.PNG-158x300.webp 158w, https:\/\/www.animaker.es\/blog\/wp-content\/uploads\/2023\/08\/Pluto.PNG.webp 408w\" sizes=\"(max-width: 158px) 100vw, 158px\" \/><figcaption><em>Source: <a href=\"https:\/\/disney.fandom.com\/wiki\/Pluto\" target=\"_blank\" rel=\"noreferrer noopener\">Fandom<\/a><\/em><\/figcaption><\/figure><\/div>\n\n\n\n<p>Pluto es un querido personaje de dibujos animados y el perro mascota de Mickey Mouse en el universo Disney. Es conocido por su car\u00e1cter juguet\u00f3n y leal, as\u00ed como por sus caracter\u00edsticos ladridos y jadeos. Pluto es un perro mestizo, con algunas caracter\u00edsticas de un sabueso y un pointer, entre otras razas. Suele ser el fiel compa\u00f1ero de Mickey y a menudo se mete en travesuras y desventuras.<\/p>\n\n\n\n<p><strong>\u00bfCu\u00e1ndo se cre\u00f3 Pluto?<\/strong><\/p>\n\n\n\n<p>Pluto fue creado por Walt Disney Productions en 1930, haciendo su primera aparici\u00f3n en el dibujo animado &#8220;The Chain Gang&#8221;.<\/p>\n\n\n\n<p><strong>\u00bfQui\u00e9n puso voz al personaje de Pluto?<\/strong><\/p>\n\n\n\n<p>La voz de Pluto la puso originalmente el animador de Disney Pinto Colvig, que tambi\u00e9n puso la voz a Goofy. M\u00e1s tarde, otros actores de doblaje se hicieron cargo del papel, entre ellos Lee Millar y Bill Farmer, que ha sido la voz de Pluto desde 1986.<\/p>\n\n\n\n<h2 class=\"wp-block-heading\">47. Monkey D Luffy<\/h2>\n\n\n\n<div class=\"wp-block-image\"><figure class=\"aligncenter size-medium\"><img loading=\"lazy\" decoding=\"async\" width=\"143\" height=\"300\" src=\"https:\/\/www.animaker.es\/blog\/wp-content\/uploads\/2023\/08\/Monkey_D._Luffy_Anime_Post_Timeskip_Infobox-143x300.webp\" alt=\"Personaje de dibujos animados de Monkey D Luffy\" class=\"wp-image-686\" srcset=\"https:\/\/www.animaker.es\/blog\/wp-content\/uploads\/2023\/08\/Monkey_D._Luffy_Anime_Post_Timeskip_Infobox-143x300.webp 143w, https:\/\/www.animaker.es\/blog\/wp-content\/uploads\/2023\/08\/Monkey_D._Luffy_Anime_Post_Timeskip_Infobox.webp 478w\" sizes=\"(max-width: 143px) 100vw, 143px\" \/><figcaption><em>Source: <a href=\"https:\/\/onepiece.fandom.com\/wiki\/Monkey_D._Luffy\" target=\"_blank\" rel=\"noreferrer noopener\">Fandom<\/a><\/em><\/figcaption><\/figure><\/div>\n\n\n\n<p>Monkey D. Luffy es un joven lleno de energ\u00eda, despreocupado y optimista, siempre dispuesto a ayudar a sus amigos y a los necesitados. Tiene una determinaci\u00f3n inquebrantable para lograr sus objetivos, que incluyen convertirse en el Rey de los Piratas y encontrar el legendario tesoro conocido como One Piece. Luffy es el capit\u00e1n de los Piratas del Sombrero de Paja y posee el poder de la Gum-Gum Fruit, que le da la capacidad de estirar su cuerpo como si fuera de goma.<\/p>\n\n\n\n<p><strong>\u00bfCu\u00e1ndo se cre\u00f3 Monkey D Luffy?<\/strong><\/p>\n\n\n\n<p>Eiichiro Oda cre\u00f3 a Monkey D. Luffy y present\u00f3 al personaje por primera vez en el cap\u00edtulo debut de &#8220;One Piece&#8221; en 1997.<\/p>\n\n\n\n<p><strong>\u00bfQui\u00e9n puso voz al personaje de Monkey D. Luffy?<\/strong><\/p>\n\n\n\n<p>En la versi\u00f3n japonesa de la serie de anime &#8220;One Piece&#8221;, Mayumi Tanaka pone voz a Monkey D. Luffy. En la versi\u00f3n inglesa del anime, la voz de Luffy la pone Colleen Clinkenbeard.<\/p>\n\n\n\n<h2 class=\"wp-block-heading\">48. Coraje el perro cobarde<\/h2>\n\n\n\n<div class=\"wp-block-image\"><figure class=\"aligncenter size-medium\"><img loading=\"lazy\" decoding=\"async\" width=\"271\" height=\"300\" src=\"https:\/\/www.animaker.es\/blog\/wp-content\/uploads\/2023\/08\/New_Courage-271x300.webp\" alt=\"Personaje de dibujos animados de Coraje el perro cobarde\" class=\"wp-image-688\" srcset=\"https:\/\/www.animaker.es\/blog\/wp-content\/uploads\/2023\/08\/New_Courage-271x300.webp 271w, https:\/\/www.animaker.es\/blog\/wp-content\/uploads\/2023\/08\/New_Courage.webp 700w\" sizes=\"(max-width: 271px) 100vw, 271px\" \/><figcaption><em>Source: <a href=\"https:\/\/courage.fandom.com\/wiki\/Courage\" target=\"_blank\" rel=\"noreferrer noopener\">Fandom<\/a><\/em><\/figcaption><\/figure><\/div>\n\n\n\n<p>Coraje es un t\u00edmido perro rosa que vive con sus ancianos due\u00f1os, Muriel y Eustace Bagge, en medio de la nada. A pesar de su miedo, Coraje se enfrenta constantemente a enemigos sobrenaturales y a menudo terror\u00edficos para proteger a sus due\u00f1os.<\/p>\n\n\n\n<p><strong>\u00bfCu\u00e1ndo se cre\u00f3 Coraje?<\/strong><\/p>\n\n\n\n<p>Coraje protagoniza la serie de dibujos animados &#8220;Coraje, el perro cobarde&#8221;, que se emiti\u00f3 en Cartoon Network de 1999 a 2002. La serie fue creada por John R. Dilworth.<\/p>\n\n\n\n<p><strong>\u00bfQui\u00e9n puso voz al personaje de Coraje?<\/strong><\/p>\n\n\n\n<p>Marty Grabstein puso voz al personaje de Coraje en la serie.<\/p>\n\n\n\n<h2 class=\"wp-block-heading\">49. Lola Bunny<\/h2>\n\n\n\n<div class=\"wp-block-image\"><figure class=\"aligncenter size-medium\"><img loading=\"lazy\" decoding=\"async\" width=\"300\" height=\"260\" src=\"https:\/\/www.animaker.es\/blog\/wp-content\/uploads\/2023\/08\/Lt_lola-300x260.webp\" alt=\"Personaje de dibujos animados de Lola Bunny\" class=\"wp-image-684\" srcset=\"https:\/\/www.animaker.es\/blog\/wp-content\/uploads\/2023\/08\/Lt_lola-300x260.webp 300w, https:\/\/www.animaker.es\/blog\/wp-content\/uploads\/2023\/08\/Lt_lola.webp 410w\" sizes=\"(max-width: 300px) 100vw, 300px\" \/><figcaption><em>Source: <a href=\"https:\/\/looneytunes.fandom.com\/wiki\/Lola_Bunny\" target=\"_blank\" rel=\"noreferrer noopener\">Fandom<\/a><\/em><\/figcaption><\/figure><\/div>\n\n\n\n<p>Lola Bunny es un personaje ficticio de las series de dibujos animados Looney Tunes y Merrie Melodies. Es el inter\u00e9s amoroso de Bugs Bunny. Lola Bunny es una h\u00e1bil jugadora de baloncesto con una personalidad dura e independiente. Naci\u00f3 como un intento de crear un personaje que atrajera tanto al p\u00fablico masculino como al femenino; alguien fuerte, seguro de s\u00ed mismo y atl\u00e9tico, sin dejar de ser femenino y atractivo.<\/p>\n\n\n\n<p><strong>\u00bfCu\u00e1ndo se cre\u00f3 Lola Bunny?<\/strong><\/p>\n\n\n\n<p>Lola Bunny fue creada por Warner Bros, por el animador Bruce Timm. Apareci\u00f3 por primera vez en la pel\u00edcula de 1996 Space Jam.<\/p>\n\n\n\n<p><strong>\u00bfQui\u00e9n puso voz al personaje de Lola Bunny?<\/strong><\/p>\n\n\n\n<p>Han puesto voz a Lola Bunny Britt McKillip, Rachel Ramras, Carla Delaney, Chandni Parekh y las famosas actrices Kath Soucie, Kristen Wiig y Zendaya.<\/p>\n\n\n\n<h2 class=\"wp-block-heading\">50. Swat Kats<\/h2>\n\n\n\n<div class=\"wp-block-image\"><figure class=\"aligncenter size-medium\"><img loading=\"lazy\" decoding=\"async\" width=\"300\" height=\"225\" src=\"https:\/\/www.animaker.es\/blog\/wp-content\/uploads\/2023\/08\/DarkSWATKAts-300x225.webp\" alt=\"Personaje de dibujos animados de Swat Kats\" class=\"wp-image-667\" srcset=\"https:\/\/www.animaker.es\/blog\/wp-content\/uploads\/2023\/08\/DarkSWATKAts-300x225.webp 300w, https:\/\/www.animaker.es\/blog\/wp-content\/uploads\/2023\/08\/DarkSWATKAts.webp 720w\" sizes=\"(max-width: 300px) 100vw, 300px\" \/><figcaption><em>Source: <a href=\"https:\/\/swatkats.fandom.com\/wiki\/SWAT_Kats_Wiki\" target=\"_blank\" rel=\"noreferrer noopener\">Fandom<\/a><\/em><\/figcaption><\/figure><\/div>\n\n\n\n<p>Los Swat Kats son dos gatos antropom\u00f3rficos llamados Chance &#8220;T-Bone&#8221; Furlong y Jake &#8220;Razor&#8221; Clawson, que trabajan como mec\u00e1nicos de d\u00eda y como justicieros contra el crimen de noche. Operan desde un hangar subterr\u00e1neo de alta tecnolog\u00eda conocido como el &#8220;Garaje Swat Kats&#8221; y utilizan una variedad de artilugios y veh\u00edculos avanzados para enfrentarse a varios villanos y proteger su ciudad natal, Megakat City.<\/p>\n\n\n\n<p><strong>\u00bfCu\u00e1ndo se cre\u00f3 Swat Kats?<\/strong><\/p>\n\n\n\n<p>Swat Kats fue creado por Christian e Yvon Tremblay en 1993 y producido por Hanna-Barbera Productions.<\/p>\n\n\n\n<p><strong>\u00bfQui\u00e9n puso voz a los personajes de Swat Kats?<\/strong><\/p>\n\n\n\n<p>Los actores Barry Gordon y Charlie Adler pusieron voz a Razor Adler y T-Bone, respectivamente.<\/p>\n\n\n\n<h2 class=\"wp-block-heading\">51. Wednesday Addams<\/h2>\n\n\n\n<div class=\"wp-block-image\"><figure class=\"aligncenter size-medium\"><img loading=\"lazy\" decoding=\"async\" width=\"221\" height=\"300\" src=\"https:\/\/www.animaker.es\/blog\/wp-content\/uploads\/2023\/08\/Charles_addams_wednesday-221x300.webp\" alt=\"Personaje de dibujos animados de Wednesday Addams\" class=\"wp-image-665\" srcset=\"https:\/\/www.animaker.es\/blog\/wp-content\/uploads\/2023\/08\/Charles_addams_wednesday-221x300.webp 221w, https:\/\/www.animaker.es\/blog\/wp-content\/uploads\/2023\/08\/Charles_addams_wednesday.webp 379w\" sizes=\"(max-width: 221px) 100vw, 221px\" \/><figcaption><em>Source: <a href=\"https:\/\/addamsfamily.fandom.com\/wiki\/Wednesday_Addams\" target=\"_blank\" rel=\"noreferrer noopener\">Fandom<\/a><\/em><\/figcaption><\/figure><\/div>\n\n\n\n<p>Wednesday Addams es un personaje de la franquicia de la Familia Addams. Es la hija de Morticia y G\u00f3mez Addams y tiene un hermano peque\u00f1o llamado Pugsley. Wednesday es conocida por su oscuro sentido del humor, sus macabros intereses y su actitud estoica.<\/p>\n\n\n\n<p><strong>\u00bfCu\u00e1ndo se cre\u00f3 Wednesday Addams?<\/strong><\/p>\n\n\n\n<p>El personaje fue creado por el dibujante Charles Addams. Wednesday apareci\u00f3 por primera vez en un dibujo animado de 1954.<\/p>\n\n\n\n<p><strong>\u00bfQui\u00e9n puso voz al personaje de Wednesday Addams?<\/strong><\/p>\n\n\n\n<p>Cindy Henderson, Debi Derryberry y Chlo\u00eb Grace Moretz han puesto voz a Wednesday Addams. Aparte de ellas, han prestado sus voces al personaje actrices que interpretaron el papel de Wednesday, como Lisa Loring, Christina Ricci, Nicole Fugere, Krysta Rodriguez, Rachel Potter y Jenna Ortega.<\/p>\n\n\n\n<h2 class=\"wp-block-heading\">52. El Grinch<\/h2>\n\n\n\n<div class=\"wp-block-image\"><figure class=\"aligncenter size-medium\"><img loading=\"lazy\" decoding=\"async\" width=\"252\" height=\"300\" src=\"https:\/\/www.animaker.es\/blog\/wp-content\/uploads\/2023\/08\/The_Grinch-252x300.webp\" alt=\"Personaje de dibujos animados de El Grinch\" class=\"wp-image-706\" srcset=\"https:\/\/www.animaker.es\/blog\/wp-content\/uploads\/2023\/08\/The_Grinch-252x300.webp 252w, https:\/\/www.animaker.es\/blog\/wp-content\/uploads\/2023\/08\/The_Grinch.webp 270w\" sizes=\"(max-width: 252px) 100vw, 252px\" \/><figcaption><em>Source: <a href=\"https:\/\/seuss.fandom.com\/wiki\/The_Grinch\" target=\"_blank\" rel=\"noreferrer noopener\">Fandom<\/a><\/em><\/figcaption><\/figure><\/div>\n\n\n\n<p>El Grinch es una criatura verde y peluda que vive en una cueva en la cima de una monta\u00f1a, con vistas a la ciudad ficticia de Villa Qui\u00e9n. El Grinch siente un profundo odio por la Navidad y se propone arruinar las fiestas de los Qui\u00e9n rob\u00e1ndoles todos sus regalos, adornos y comida en Nochebuena. Curiosamente, se dice que el Grinch tiene un coraz\u00f3n &#8220;dos tallas m\u00e1s peque\u00f1o&#8221;.<\/p>\n\n\n\n<p><strong>\u00bfCu\u00e1ndo se cre\u00f3 el Grinch?<\/strong><\/p>\n\n\n\n<p>El Grinch fue creado por el Dr. Seuss, tambi\u00e9n conocido como Theodor Geisel. Apareci\u00f3 por primera vez en el libro infantil &#8220;C\u00f3mo el Grinch rob\u00f3 la Navidad&#8221;, publicado en 1957.<\/p>\n\n\n\n<p><strong>\u00bfQui\u00e9n puso voz al Grinch?<\/strong><\/p>\n\n\n\n<p>La voz del Grinch la puso el actor Boris Karloff en el especial de televisi\u00f3n. En la adaptaci\u00f3n cinematogr\u00e1fica de 2000 de &#8220;C\u00f3mo el Grinch rob\u00f3 la Navidad&#8221;, el personaje fue interpretado y doblado por el actor Jim Carrey.<\/p>\n\n\n\n<h2 class=\"wp-block-heading\">53. George Jetson<\/h2>\n\n\n\n<div class=\"wp-block-image\"><figure class=\"aligncenter size-medium\"><img loading=\"lazy\" decoding=\"async\" width=\"300\" height=\"162\" src=\"https:\/\/www.animaker.es\/blog\/wp-content\/uploads\/2023\/08\/Movie_19-300x162.webp\" alt=\"Personaje de dibujos animados de George Supers\u00f3nicos\" class=\"wp-image-687\" srcset=\"https:\/\/www.animaker.es\/blog\/wp-content\/uploads\/2023\/08\/Movie_19-300x162.webp 300w, https:\/\/www.animaker.es\/blog\/wp-content\/uploads\/2023\/08\/Movie_19-768x415.webp 768w, https:\/\/www.animaker.es\/blog\/wp-content\/uploads\/2023\/08\/Movie_19.webp 851w\" sizes=\"(max-width: 300px) 100vw, 300px\" \/><figcaption><em>Source: <a href=\"https:\/\/thejetsons.fandom.com\/wiki\/George_Jetson\" target=\"_blank\" rel=\"noreferrer noopener\">Fandom<\/a><\/em><\/figcaption><\/figure><\/div>\n\n\n\n<p>George Jetson es un hombre de familia que vive en un mundo futurista. Est\u00e1 casado con Jane Jetson y tienen dos hijos, Judy y Elroy. George trabaja en Spacely Space Sprockets, una empresa que fabrica ruedas dentadas para veh\u00edculos espaciales.<\/p>\n\n\n\n<p><strong>\u00bfCu\u00e1ndo se cre\u00f3 George Jetson?<\/strong><\/p>\n\n\n\n<p>George Jetson es el protagonista principal de la popular serie de televisi\u00f3n de animaci\u00f3n estadounidense &#8220;Los Supers\u00f3nicos&#8221;. El programa fue creado por Hanna-Barbera Productions y se emiti\u00f3 por primera vez en 1962.<\/p>\n\n\n\n<p><strong>\u00bfQui\u00e9n puso voz al personaje de George Jetson?<\/strong><\/p>\n\n\n\n<p>George O&#8217;Hanlon, Jeff Bergman y Patric Zimmerman han puesto voz a George Jetson.<\/p>\n\n\n\n<h2 class=\"wp-block-heading\">54. Capit\u00e1n Planeta<\/h2>\n\n\n\n<div class=\"wp-block-image\"><figure class=\"aligncenter size-medium\"><img loading=\"lazy\" decoding=\"async\" width=\"298\" height=\"300\" src=\"https:\/\/www.animaker.es\/blog\/wp-content\/uploads\/2023\/08\/Captain_planet_350-298x300.webp\" alt=\"Personaje de dibujos animados de Capit\u00e1n Planeta\" class=\"wp-image-663\" srcset=\"https:\/\/www.animaker.es\/blog\/wp-content\/uploads\/2023\/08\/Captain_planet_350-298x300.webp 298w, https:\/\/www.animaker.es\/blog\/wp-content\/uploads\/2023\/08\/Captain_planet_350-150x150.webp 150w, https:\/\/www.animaker.es\/blog\/wp-content\/uploads\/2023\/08\/Captain_planet_350.webp 350w\" sizes=\"(max-width: 298px) 100vw, 298px\" \/><figcaption><em>Source: <a href=\"https:\/\/captainplanet.fandom.com\/wiki\/Captain_Planet\" target=\"_blank\" rel=\"noreferrer noopener\">Fandom<\/a><\/em><\/figcaption><\/figure><\/div>\n\n\n\n<p>El Capit\u00e1n Planeta es un poderoso superh\u00e9roe que es invocado por el poder de cinco anillos m\u00e1gicos que controlan elementos naturales como la tierra, el fuego, el viento, el agua y el coraz\u00f3n. Estos anillos pertenecen a cinco j\u00f3venes de todo el mundo que utilizan estos poderes para luchar contra los desastres medioambientales y los villanos que amenazan el equilibrio ecol\u00f3gico del planeta.<\/p>\n\n\n\n<p><strong>\u00bfCu\u00e1ndo se cre\u00f3 el Capit\u00e1n Planeta?<\/strong><\/p>\n\n\n\n<p>El Capit\u00e1n Planeta es el personaje principal de la serie de televisi\u00f3n animada &#8220;El Capit\u00e1n Planeta y los Planetarios&#8221;. La serie fue creada por Ted Turner y Barbara Pyle en 1990.<\/p>\n\n\n\n<p><strong>\u00bfQui\u00e9n puso voz al Capit\u00e1n Planeta?<\/strong><\/p>\n\n\n\n<p>La voz del Capit\u00e1n Planeta la puso el actor David Coburn.<\/p>\n\n\n\n<h2 class=\"wp-block-heading\">55. Los Centuriones<\/h2>\n\n\n\n<div class=\"wp-block-image\"><figure class=\"aligncenter size-medium\"><img loading=\"lazy\" decoding=\"async\" width=\"300\" height=\"223\" src=\"https:\/\/www.animaker.es\/blog\/wp-content\/uploads\/2023\/08\/Emitter-300x223.webp\" alt=\"Personaje de dibujos animados de Los Centuriones\" class=\"wp-image-671\" srcset=\"https:\/\/www.animaker.es\/blog\/wp-content\/uploads\/2023\/08\/Emitter-300x223.webp 300w, https:\/\/www.animaker.es\/blog\/wp-content\/uploads\/2023\/08\/Emitter.webp 628w\" sizes=\"(max-width: 300px) 100vw, 300px\" \/><figcaption><em>Source: <a href=\"https:\/\/centurions.fandom.com\/wiki\/The_Centurions_Wiki\" target=\"_blank\" rel=\"noreferrer noopener\">Fandom<\/a><\/em><\/figcaption><\/figure><\/div>\n\n\n\n<p>Los Centuriones son un equipo de tres valientes hombres, Max Ray, Jake Rockwell y Ace McCloud, que se transforman en poderosos cyborgs con la capacidad de fusionarse con varios tipos de armas y veh\u00edculos para formar incre\u00edbles m\u00e1quinas de combate. Los Centuriones son conocidos por luchar contra los cyborgs del Doctor Terror.<\/p>\n\n\n\n<p><strong>\u00bfCu\u00e1ndo se crearon los Centuriones?<\/strong><\/p>\n\n\n\n<p>Los Centuriones fueron producidos por Ruby-Spears Enterprises y creados por Lawrence G. DiTillio y J. Michael Straczynski en 1986, con animaci\u00f3n producida por Tokyo Movie Shinsha.<\/p>\n\n\n\n<p><strong>\u00bfQui\u00e9n puso voz a los Centuriones?<\/strong><\/p>\n\n\n\n<p>Las voces de los Centuriones corrieron a cargo de veteranos actores de doblaje, como Pat Fraley en el papel de Max Ray, Neil Ross como Jake Rockwell y Vince Edwards como Ace McCloud.<\/p>\n\n\n\n<h2 class=\"wp-block-heading\">56. Jonny Quest<\/h2>\n\n\n\n<div class=\"wp-block-image\"><figure class=\"aligncenter size-medium\"><img loading=\"lazy\" decoding=\"async\" width=\"300\" height=\"225\" src=\"https:\/\/www.animaker.es\/blog\/wp-content\/uploads\/2023\/08\/Jonny_Quest_281964_character29-300x225.webp\" alt=\"Personaje de dibujos animados de Jonny Quest\" class=\"wp-image-682\" srcset=\"https:\/\/www.animaker.es\/blog\/wp-content\/uploads\/2023\/08\/Jonny_Quest_281964_character29-300x225.webp 300w, https:\/\/www.animaker.es\/blog\/wp-content\/uploads\/2023\/08\/Jonny_Quest_281964_character29.webp 700w\" sizes=\"(max-width: 300px) 100vw, 300px\" \/><figcaption><em>Source: <a href=\"https:\/\/jonnyquest.fandom.com\/wiki\/Jonny_Quest_Wiki\" target=\"_blank\" rel=\"noreferrer noopener\">Fandom<\/a><\/em><\/figcaption><\/figure><\/div>\n\n\n\n<p>Jonny es un joven inteligente, valiente e ingenioso que posee un gran coraje y determinaci\u00f3n. Tambi\u00e9n es un h\u00e1bil atleta, artista marcial y piloto, adem\u00e1s de dominar diversos campos cient\u00edficos. A pesar de su juventud, Johnny es llamado a menudo para ayudar a su padre a resolver varios misterios y frustrar los planes de villanos y criminales.<\/p>\n\n\n\n<p><strong>\u00bfQui\u00e9n cre\u00f3 Jonny Quest?<\/strong><\/p>\n\n\n\n<p>La serie fue creada por el dibujante y animador Doug Wildey en 1964.<\/p>\n\n\n\n<p><strong>\u00bfQui\u00e9n puso voz a Jonny Quest?<\/strong><\/p>\n\n\n\n<p>Tim Matheson puso voz a Jonny Quest en la serie original. Matheson sigui\u00f3 una exitosa carrera como actor, apareciendo en pel\u00edculas y programas de televisi\u00f3n como &#8220;Animal House&#8221;, &#8220;The West Wing&#8221; y &#8220;Hart of Dixie&#8221;.<\/p>\n\n\n\n<h2 class=\"wp-block-heading\">57. Ricky Ric\u00f3n<\/h2>\n\n\n\n<div class=\"wp-block-image\"><figure class=\"aligncenter size-full\"><img loading=\"lazy\" decoding=\"async\" width=\"175\" height=\"200\" src=\"https:\/\/www.animaker.es\/blog\/wp-content\/uploads\/2023\/08\/Richie_Rich.webp\" alt=\"Personaje de dibujos animados de Ricky Ric\u00f3n\" class=\"wp-image-695\"\/><figcaption><em>Source: <a href=\"https:\/\/hanna-barbera.fandom.com\/wiki\/Richie_Rich\" target=\"_blank\" rel=\"noreferrer noopener\">Fandom<\/a><\/em><\/figcaption><\/figure><\/div>\n\n\n\n<p>Ricky Ric\u00f3n es un joven incre\u00edblemente rico que lleva un estilo de vida extravagante. Es hijo \u00fanico de una familia adinerada y tiene acceso a recursos incre\u00edbles, como su propio helic\u00f3ptero personal, un zoo privado e incluso su propia monta\u00f1a rusa. A pesar de su inmensa riqueza, Ricky es una persona amable y generosa que siempre est\u00e1 dispuesta a ayudar a los dem\u00e1s. Tiene un grupo de amigos leales que suelen acompa\u00f1arle en sus aventuras, entre ellos su novia Gloria, su leal mayordomo Cadbury y su fiel perro Dollar.<\/p>\n\n\n\n<p><strong>\u00bfCu\u00e1ndo se cre\u00f3 Ricky Ric\u00f3n?<\/strong><\/p>\n\n\n\n<p>Fue creado por el dibujante estadounidense Alfred Harvey y el artista Warren Kremer, y apareci\u00f3 por primera vez en &#8220;Little Dot&#8221; n\u00ba 1 de Harvey Comics, en septiembre de 1953.<\/p>\n\n\n\n<p><strong>\u00bfQui\u00e9n puso voz al personaje de Ricky Ric\u00f3n?<\/strong><\/p>\n\n\n\n<p>La voz de Ricky Ric\u00f3n la puso Dick Beals.<\/p>\n\n\n\n<p class=\"has-text-align-center\">**********<\/p>\n\n\n\n<p>Estoy seguro de que algunos de esos personajes te han hecho viajar a la memoria. Han pasado d\u00e9cadas desde la aparici\u00f3n de estos personajes, pero su impacto en nuestras mentes sigue siendo el mismo. Ese es el impacto que los dibujos animados pueden tener en una persona.<\/p>\n\n\n\n<p>En caso de que te est\u00e9s preguntando si hay una manera de crear personajes de dibujos animados por tu cuenta. \u00a1S\u00ed hay! \u00a1Simplemente reg\u00edstrate en el <a href=\"https:\/\/www.animaker.com\/avatar-maker\" target=\"_blank\" rel=\"noreferrer noopener\">Creador de avatares<\/a> de Animaker! Puedes crear m\u00e1s de mil millones de personajes \u00fanicos. \u00a1Es divertido y gratis!<\/p>\n\n\n\n<p>Aqu\u00ed tienes un v\u00eddeo sobre c\u00f3mo puedes crear tus personajes de dibujos animados con Animaker.<\/p>\n\n\n<p style=\"text-align: center;\"><iframe loading=\"lazy\" title=\"YouTube video player\" src=\"https:\/\/www.youtube.com\/embed\/YvE96zulzJQ?si=58mKhmrPPN0ylu9h\" width=\"560\" height=\"315\" frameborder=\"0\" allowfullscreen=\"allowfullscreen\"><\/iframe><\/p>\n\n\n<p>Esperamos que este blog te haya sido \u00fatil y, si crees que nos hemos dejado alg\u00fan personaje emblem\u00e1tico en nuestra lista, h\u00e1znoslo saber en la secci\u00f3n de comentarios m\u00e1s abajo. Estaremos encantados de a\u00f1adirlo a nuestra lista.<\/p>\n","protected":false},"excerpt":{"rendered":"<p>Los dibujos animados han sido una parte importante de nuestras vidas desde la infancia. Los dibujos animados tienen la capacidad de tener un impacto diferente en cada persona. A algunos les ayudaron a dar forma a su imaginaci\u00f3n y creatividad de ni\u00f1os, y a otros incluso les influyeron en su forma de percibir el mundo [&hellip;]<\/p>\n","protected":false},"author":123458,"featured_media":723,"comment_status":"open","ping_status":"open","sticky":false,"template":"","format":"standard","meta":{"footnotes":""},"categories":[2],"tags":[],"yoast_head":"<!-- This site is optimized with the Yoast SEO plugin v22.2 - https:\/\/yoast.com\/wordpress\/plugins\/seo\/ -->\n<title>\u00a157 personajes de dibujos animados ic\u00f3nicos de todos los tiempos! [La lista definitiva] - Blog sobre Cria\u00e7\u00e3o e Marketing de V\u00eddeo<\/title>\n<meta name=\"description\" content=\"\u00danase a nosotros en un viaje al pasado mientras contamos los personajes de dibujos animados m\u00e1s emblem\u00e1ticos que jam\u00e1s hayan aparecido en nuestras pantallas y reviva la magia de su infancia.\" \/>\n<meta name=\"robots\" content=\"index, follow, max-snippet:-1, max-image-preview:large, max-video-preview:-1\" \/>\n<link rel=\"canonical\" href=\"https:\/\/www.animaker.es\/blog\/mejores-personajes-de-dibujos-animados\/\" \/>\n<meta property=\"og:locale\" content=\"en_US\" \/>\n<meta property=\"og:type\" content=\"article\" \/>\n<meta property=\"og:title\" content=\"\u00a157 personajes de dibujos animados ic\u00f3nicos de todos los tiempos! [La lista definitiva] - Blog sobre Cria\u00e7\u00e3o e Marketing de V\u00eddeo\" \/>\n<meta property=\"og:description\" content=\"\u00danase a nosotros en un viaje al pasado mientras contamos los personajes de dibujos animados m\u00e1s emblem\u00e1ticos que jam\u00e1s hayan aparecido en nuestras pantallas y reviva la magia de su infancia.\" \/>\n<meta property=\"og:url\" content=\"https:\/\/www.animaker.es\/blog\/mejores-personajes-de-dibujos-animados\/\" \/>\n<meta property=\"og:site_name\" content=\"Blog sobre Cria\u00e7\u00e3o e Marketing de V\u00eddeo\" \/>\n<meta property=\"article:published_time\" content=\"2023-09-15T14:16:14+00:00\" \/>\n<meta property=\"article:modified_time\" content=\"2024-01-29T16:04:28+00:00\" \/>\n<meta property=\"og:image\" content=\"https:\/\/www.animaker.es\/blog\/wp-content\/uploads\/2023\/09\/Spanish.png\" \/>\n\t<meta property=\"og:image:width\" content=\"760\" \/>\n\t<meta property=\"og:image:height\" content=\"340\" \/>\n\t<meta property=\"og:image:type\" content=\"image\/png\" \/>\n<meta name=\"author\" content=\"shreshtra\" \/>\n<meta name=\"twitter:card\" content=\"summary_large_image\" \/>\n<meta name=\"twitter:label1\" content=\"Written by\" \/>\n\t<meta name=\"twitter:data1\" content=\"shreshtra\" \/>\n\t<meta name=\"twitter:label2\" content=\"Est. reading time\" \/>\n\t<meta name=\"twitter:data2\" content=\"43 minutes\" \/>\n<script type=\"application\/ld+json\" class=\"yoast-schema-graph\">{\"@context\":\"https:\/\/schema.org\",\"@graph\":[{\"@type\":\"WebPage\",\"@id\":\"https:\/\/www.animaker.es\/blog\/mejores-personajes-de-dibujos-animados\/\",\"url\":\"https:\/\/www.animaker.es\/blog\/mejores-personajes-de-dibujos-animados\/\",\"name\":\"\u00a157 personajes de dibujos animados ic\u00f3nicos de todos los tiempos! [La lista definitiva] - Blog sobre Cria\u00e7\u00e3o e Marketing de V\u00eddeo\",\"isPartOf\":{\"@id\":\"https:\/\/www.animaker.es\/blog\/#website\"},\"primaryImageOfPage\":{\"@id\":\"https:\/\/www.animaker.es\/blog\/mejores-personajes-de-dibujos-animados\/#primaryimage\"},\"image\":{\"@id\":\"https:\/\/www.animaker.es\/blog\/mejores-personajes-de-dibujos-animados\/#primaryimage\"},\"thumbnailUrl\":\"https:\/\/www.animaker.es\/blog\/wp-content\/uploads\/2023\/09\/Spanish.png\",\"datePublished\":\"2023-09-15T14:16:14+00:00\",\"dateModified\":\"2024-01-29T16:04:28+00:00\",\"author\":{\"@id\":\"https:\/\/www.animaker.es\/blog\/#\/schema\/person\/5f546f103152cbe5f306acdb3207e559\"},\"description\":\"\u00danase a nosotros en un viaje al pasado mientras contamos los personajes de dibujos animados m\u00e1s emblem\u00e1ticos que jam\u00e1s hayan aparecido en nuestras pantallas y reviva la magia de su infancia.\",\"breadcrumb\":{\"@id\":\"https:\/\/www.animaker.es\/blog\/mejores-personajes-de-dibujos-animados\/#breadcrumb\"},\"inLanguage\":\"en-US\",\"potentialAction\":[{\"@type\":\"ReadAction\",\"target\":[\"https:\/\/www.animaker.es\/blog\/mejores-personajes-de-dibujos-animados\/\"]}]},{\"@type\":\"ImageObject\",\"inLanguage\":\"en-US\",\"@id\":\"https:\/\/www.animaker.es\/blog\/mejores-personajes-de-dibujos-animados\/#primaryimage\",\"url\":\"https:\/\/www.animaker.es\/blog\/wp-content\/uploads\/2023\/09\/Spanish.png\",\"contentUrl\":\"https:\/\/www.animaker.es\/blog\/wp-content\/uploads\/2023\/09\/Spanish.png\",\"width\":760,\"height\":340},{\"@type\":\"BreadcrumbList\",\"@id\":\"https:\/\/www.animaker.es\/blog\/mejores-personajes-de-dibujos-animados\/#breadcrumb\",\"itemListElement\":[{\"@type\":\"ListItem\",\"position\":1,\"name\":\"Home\",\"item\":\"https:\/\/www.animaker.es\/blog\/\"},{\"@type\":\"ListItem\",\"position\":2,\"name\":\"\u00a157 personajes de dibujos animados ic\u00f3nicos de todos los tiempos! [La lista definitiva]\"}]},{\"@type\":\"WebSite\",\"@id\":\"https:\/\/www.animaker.es\/blog\/#website\",\"url\":\"https:\/\/www.animaker.es\/blog\/\",\"name\":\"Blog sobre Cria\u00e7\u00e3o e Marketing de V\u00eddeo\",\"description\":\"Just another WordPress site\",\"potentialAction\":[{\"@type\":\"SearchAction\",\"target\":{\"@type\":\"EntryPoint\",\"urlTemplate\":\"https:\/\/www.animaker.es\/blog\/?s={search_term_string}\"},\"query-input\":\"required name=search_term_string\"}],\"inLanguage\":\"en-US\"},{\"@type\":\"Person\",\"@id\":\"https:\/\/www.animaker.es\/blog\/#\/schema\/person\/5f546f103152cbe5f306acdb3207e559\",\"name\":\"shreshtra\",\"image\":{\"@type\":\"ImageObject\",\"inLanguage\":\"en-US\",\"@id\":\"https:\/\/www.animaker.es\/blog\/#\/schema\/person\/image\/\",\"url\":\"https:\/\/secure.gravatar.com\/avatar\/f7cfb10efd71ba0b5d20ec0c7e05ada9?s=96&d=mm&r=g\",\"contentUrl\":\"https:\/\/secure.gravatar.com\/avatar\/f7cfb10efd71ba0b5d20ec0c7e05ada9?s=96&d=mm&r=g\",\"caption\":\"shreshtra\"},\"url\":\"https:\/\/www.animaker.es\/blog\/author\/shreshtra\/\"}]}<\/script>\n<!-- \/ Yoast SEO plugin. -->","yoast_head_json":{"title":"\u00a157 personajes de dibujos animados ic\u00f3nicos de todos los tiempos! [La lista definitiva] - Blog sobre Cria\u00e7\u00e3o e Marketing de V\u00eddeo","description":"\u00danase a nosotros en un viaje al pasado mientras contamos los personajes de dibujos animados m\u00e1s emblem\u00e1ticos que jam\u00e1s hayan aparecido en nuestras pantallas y reviva la magia de su infancia.","robots":{"index":"index","follow":"follow","max-snippet":"max-snippet:-1","max-image-preview":"max-image-preview:large","max-video-preview":"max-video-preview:-1"},"canonical":"https:\/\/www.animaker.es\/blog\/mejores-personajes-de-dibujos-animados\/","og_locale":"en_US","og_type":"article","og_title":"\u00a157 personajes de dibujos animados ic\u00f3nicos de todos los tiempos! [La lista definitiva] - Blog sobre Cria\u00e7\u00e3o e Marketing de V\u00eddeo","og_description":"\u00danase a nosotros en un viaje al pasado mientras contamos los personajes de dibujos animados m\u00e1s emblem\u00e1ticos que jam\u00e1s hayan aparecido en nuestras pantallas y reviva la magia de su infancia.","og_url":"https:\/\/www.animaker.es\/blog\/mejores-personajes-de-dibujos-animados\/","og_site_name":"Blog sobre Cria\u00e7\u00e3o e Marketing de V\u00eddeo","article_published_time":"2023-09-15T14:16:14+00:00","article_modified_time":"2024-01-29T16:04:28+00:00","og_image":[{"width":760,"height":340,"url":"https:\/\/www.animaker.es\/blog\/wp-content\/uploads\/2023\/09\/Spanish.png","type":"image\/png"}],"author":"shreshtra","twitter_card":"summary_large_image","twitter_misc":{"Written by":"shreshtra","Est. reading time":"43 minutes"},"schema":{"@context":"https:\/\/schema.org","@graph":[{"@type":"WebPage","@id":"https:\/\/www.animaker.es\/blog\/mejores-personajes-de-dibujos-animados\/","url":"https:\/\/www.animaker.es\/blog\/mejores-personajes-de-dibujos-animados\/","name":"\u00a157 personajes de dibujos animados ic\u00f3nicos de todos los tiempos! [La lista definitiva] - Blog sobre Cria\u00e7\u00e3o e Marketing de V\u00eddeo","isPartOf":{"@id":"https:\/\/www.animaker.es\/blog\/#website"},"primaryImageOfPage":{"@id":"https:\/\/www.animaker.es\/blog\/mejores-personajes-de-dibujos-animados\/#primaryimage"},"image":{"@id":"https:\/\/www.animaker.es\/blog\/mejores-personajes-de-dibujos-animados\/#primaryimage"},"thumbnailUrl":"https:\/\/www.animaker.es\/blog\/wp-content\/uploads\/2023\/09\/Spanish.png","datePublished":"2023-09-15T14:16:14+00:00","dateModified":"2024-01-29T16:04:28+00:00","author":{"@id":"https:\/\/www.animaker.es\/blog\/#\/schema\/person\/5f546f103152cbe5f306acdb3207e559"},"description":"\u00danase a nosotros en un viaje al pasado mientras contamos los personajes de dibujos animados m\u00e1s emblem\u00e1ticos que jam\u00e1s hayan aparecido en nuestras pantallas y reviva la magia de su infancia.","breadcrumb":{"@id":"https:\/\/www.animaker.es\/blog\/mejores-personajes-de-dibujos-animados\/#breadcrumb"},"inLanguage":"en-US","potentialAction":[{"@type":"ReadAction","target":["https:\/\/www.animaker.es\/blog\/mejores-personajes-de-dibujos-animados\/"]}]},{"@type":"ImageObject","inLanguage":"en-US","@id":"https:\/\/www.animaker.es\/blog\/mejores-personajes-de-dibujos-animados\/#primaryimage","url":"https:\/\/www.animaker.es\/blog\/wp-content\/uploads\/2023\/09\/Spanish.png","contentUrl":"https:\/\/www.animaker.es\/blog\/wp-content\/uploads\/2023\/09\/Spanish.png","width":760,"height":340},{"@type":"BreadcrumbList","@id":"https:\/\/www.animaker.es\/blog\/mejores-personajes-de-dibujos-animados\/#breadcrumb","itemListElement":[{"@type":"ListItem","position":1,"name":"Home","item":"https:\/\/www.animaker.es\/blog\/"},{"@type":"ListItem","position":2,"name":"\u00a157 personajes de dibujos animados ic\u00f3nicos de todos los tiempos! [La lista definitiva]"}]},{"@type":"WebSite","@id":"https:\/\/www.animaker.es\/blog\/#website","url":"https:\/\/www.animaker.es\/blog\/","name":"Blog sobre Cria\u00e7\u00e3o e Marketing de V\u00eddeo","description":"Just another WordPress site","potentialAction":[{"@type":"SearchAction","target":{"@type":"EntryPoint","urlTemplate":"https:\/\/www.animaker.es\/blog\/?s={search_term_string}"},"query-input":"required name=search_term_string"}],"inLanguage":"en-US"},{"@type":"Person","@id":"https:\/\/www.animaker.es\/blog\/#\/schema\/person\/5f546f103152cbe5f306acdb3207e559","name":"shreshtra","image":{"@type":"ImageObject","inLanguage":"en-US","@id":"https:\/\/www.animaker.es\/blog\/#\/schema\/person\/image\/","url":"https:\/\/secure.gravatar.com\/avatar\/f7cfb10efd71ba0b5d20ec0c7e05ada9?s=96&d=mm&r=g","contentUrl":"https:\/\/secure.gravatar.com\/avatar\/f7cfb10efd71ba0b5d20ec0c7e05ada9?s=96&d=mm&r=g","caption":"shreshtra"},"url":"https:\/\/www.animaker.es\/blog\/author\/shreshtra\/"}]}},"_links":{"self":[{"href":"https:\/\/www.animaker.es\/blog\/wp-json\/wp\/v2\/posts\/713"}],"collection":[{"href":"https:\/\/www.animaker.es\/blog\/wp-json\/wp\/v2\/posts"}],"about":[{"href":"https:\/\/www.animaker.es\/blog\/wp-json\/wp\/v2\/types\/post"}],"author":[{"embeddable":true,"href":"https:\/\/www.animaker.es\/blog\/wp-json\/wp\/v2\/users\/123458"}],"replies":[{"embeddable":true,"href":"https:\/\/www.animaker.es\/blog\/wp-json\/wp\/v2\/comments?post=713"}],"version-history":[{"count":11,"href":"https:\/\/www.animaker.es\/blog\/wp-json\/wp\/v2\/posts\/713\/revisions"}],"predecessor-version":[{"id":771,"href":"https:\/\/www.animaker.es\/blog\/wp-json\/wp\/v2\/posts\/713\/revisions\/771"}],"wp:featuredmedia":[{"embeddable":true,"href":"https:\/\/www.animaker.es\/blog\/wp-json\/wp\/v2\/media\/723"}],"wp:attachment":[{"href":"https:\/\/www.animaker.es\/blog\/wp-json\/wp\/v2\/media?parent=713"}],"wp:term":[{"taxonomy":"category","embeddable":true,"href":"https:\/\/www.animaker.es\/blog\/wp-json\/wp\/v2\/categories?post=713"},{"taxonomy":"post_tag","embeddable":true,"href":"https:\/\/www.animaker.es\/blog\/wp-json\/wp\/v2\/tags?post=713"}],"curies":[{"name":"wp","href":"https:\/\/api.w.org\/{rel}","templated":true}]}}