{"id":332,"date":"2022-02-16T18:08:56","date_gmt":"2022-02-16T18:08:56","guid":{"rendered":"https:\/\/www.animaker.es\/blog\/?p=332"},"modified":"2022-02-16T18:08:59","modified_gmt":"2022-02-16T18:08:59","slug":"como-hacer-un-video-con-fotos-y-musica","status":"publish","type":"post","link":"https:\/\/www.animaker.es\/blog\/como-hacer-un-video-con-fotos-y-musica\/","title":{"rendered":"\u00a1C\u00f3mo hacer un video con fotos y m\u00fasica! [La gu\u00eda definitiva]"},"content":{"rendered":"<p><span id=\"rgb(071, 057, 201)\"><\/span><\/p>\n\n\n<p>Las fotos son recuerdos capturados. Son instant\u00e1neas de los mejores momentos de tu vida. Una sola foto puede contar un mill\u00f3n de historias.<\/p>\n\n\n\n<div style=\"height:16px\" aria-hidden=\"true\" class=\"wp-block-spacer\"><\/div>\n\n\n\n<p>\u00a1As\u00ed que imagina el poder de un conjunto de im\u00e1genes en un v\u00eddeo!. Puedes hacer surgir un arco iris de emociones que las palabras nunca podr\u00e1n expresar.<\/p>\n\n\n\n<div style=\"height:16px\" aria-hidden=\"true\" class=\"wp-block-spacer\"><\/div>\n\n\n\n<p>Por eso los v\u00eddeos fotogr\u00e1ficos son tan personales y excepcionales. Ya sea que se trate de una simple felicitaci\u00f3n navide\u00f1a para tu profesor o si es una rom\u00e1ntica presentaci\u00f3n de diapositivas para tu novia, \u00a1los v\u00eddeos fotogr\u00e1ficos tienen todo lo necesario para tocar la fibra sensible de nuestro coraz\u00f3n!<\/p>\n\n\n\n<div style=\"height:16px\" aria-hidden=\"true\" class=\"wp-block-spacer\"><\/div>\n\n\n\n<p>Ahora bien, la creaci\u00f3n de este tipo de v\u00eddeos siempre ha sido un asunto agotador. \u00a1O bien lleva mucho trabajo, o bien cuesta mucho dinero!Sin embargo, \u00a1En los pr\u00f3ximos minutos te convertir\u00e1s en un maestro en este arte!. Porque tenemos el perfecto <a href=\"https:\/\/www.animaker.es\/photo-video-maker\" target=\"_blank\" rel=\"noreferrer noopener\">creador de im\u00e1genes de v\u00eddeo<\/a> &#8211; <strong>Animaker<\/strong>.<\/p>\n\n\n\n<h2 class=\"wp-block-heading\"><strong>\u00a1Empecemos!<\/strong><\/h2>\n\n\n\n<p>Si es la primera vez que lo usas, <a href=\"http:\/\/animaker.es\/register\" target=\"_blank\" rel=\"noreferrer noopener\">Reg\u00edstrate<\/a> para obtener una cuenta gratuita.<\/p>\n\n\n\n<div style=\"height:16px\" aria-hidden=\"true\" class=\"wp-block-spacer\"><\/div>\n\n\n\n<p><a href=\"https:\/\/www.animaker.es\/login\">Ingresa<\/a> si ya tienes una cuenta.<\/p>\n\n\n\n<div style=\"height:16px\" aria-hidden=\"true\" class=\"wp-block-spacer\"><\/div>\n\n\n\n<p>Ahora, hay dos caminos, que puedes tomar:<\/p>\n\n\n\n<ul><li><a href=\"#1\">Editar una plantilla de v\u00eddeo fotogr\u00e1fico<\/a><\/li><\/ul>\n\n\n\n<ul><li><a href=\"#2\">Crear un v\u00eddeo desde cero<\/a><\/li><\/ul>\n\n\n\n<div style=\"height:16px\" aria-hidden=\"true\" class=\"wp-block-spacer\"><\/div>\n\n\n\n<p>Sea cual sea el camino que elijas, \u00a1te acompa\u00f1aremos y te ayudaremos a encontrar el destino!<\/p>\n\n\n\n<div style=\"height:16px\" aria-hidden=\"true\" class=\"wp-block-spacer\"><\/div>\n\n\n\n<p>En cualquier caso, dispondr\u00e1s de un mont\u00f3n de opciones flexibles y potentes funciones para practicar y crear un asombroso v\u00eddeo con fotos por ti mismo. Mira este v\u00eddeo para saber c\u00f3mo hacer un v\u00eddeo con fotos y m\u00fasica.<\/p>\n\n\n\n<center><iframe loading=\"lazy\" width=\"560\" height=\"315\" src=\"https:\/\/www.youtube.com\/embed\/dME_iUeeIXQ\" title=\"YouTube video player\" frameborder=\"0\" allow=\"accelerometer; autoplay; clipboard-write; encrypted-media; gyroscope; picture-in-picture\" allowfullscreen><\/iframe><\/center>\n\n\n\n<h2 class=\"wp-block-heading\" id=\"1\"><strong>C\u00f3mo editar una plantilla de un v\u00eddeo fotogr\u00e1fico:<\/strong><\/h2>\n\n\n\n<p>Editar una plantilla es sorprendentemente sencillo. Puedes completar tu v\u00eddeo final en 5 minutos solamente siguiendo estos sencillos pasos:<\/p>\n\n\n\n<p>1. Inicia sesi\u00f3n en Animaker, y te encontrar\u00e1s en el Cuadro de Mandos. 2. Busca &#8220;V\u00eddeo fotogr\u00e1fico&#8221; en la barra de b\u00fasqueda.<\/p>\n\n\n\n<div class=\"wp-block-image\"><figure class=\"aligncenter size-large is-resized\"><img loading=\"lazy\" decoding=\"async\" src=\"https:\/\/www.animaker.es\/blog\/wp-content\/uploads\/2022\/02\/Search-moments-1024x539.png\" alt=\"\" class=\"wp-image-333\" width=\"768\" height=\"404\" srcset=\"https:\/\/www.animaker.es\/blog\/wp-content\/uploads\/2022\/02\/Search-moments-1024x539.png 1024w, https:\/\/www.animaker.es\/blog\/wp-content\/uploads\/2022\/02\/Search-moments-300x158.png 300w, https:\/\/www.animaker.es\/blog\/wp-content\/uploads\/2022\/02\/Search-moments-768x404.png 768w, https:\/\/www.animaker.es\/blog\/wp-content\/uploads\/2022\/02\/Search-moments.png 1208w\" sizes=\"(max-width: 768px) 100vw, 768px\" \/><\/figure><\/div>\n\n\n\n<p>2. Esto te redirigir\u00e1 a la p\u00e1gina de Momentos, donde se mostrar\u00e1 una enorme lista de plantillas de v\u00eddeo fotogr\u00e1fico. Puedes pasar el cursor sobre cualquier plantilla y hacer clic en &#8220;Vista previa&#8221; para hacerte una idea de la plantilla. Una vez que decidas cu\u00e1l usar, haz clic en el bot\u00f3n &#8220;Usar&#8221;.<\/p>\n\n\n\n<figure class=\"wp-block-image size-large\"><img loading=\"lazy\" decoding=\"async\" width=\"1024\" height=\"505\" src=\"https:\/\/www.animaker.es\/blog\/wp-content\/uploads\/2022\/02\/Use-template-1024x505.png\" alt=\"\" class=\"wp-image-334\" srcset=\"https:\/\/www.animaker.es\/blog\/wp-content\/uploads\/2022\/02\/Use-template-1024x505.png 1024w, https:\/\/www.animaker.es\/blog\/wp-content\/uploads\/2022\/02\/Use-template-300x148.png 300w, https:\/\/www.animaker.es\/blog\/wp-content\/uploads\/2022\/02\/Use-template-768x378.png 768w, https:\/\/www.animaker.es\/blog\/wp-content\/uploads\/2022\/02\/Use-template.png 1254w\" sizes=\"(max-width: 1024px) 100vw, 1024px\" \/><\/figure>\n\n\n\n<p>&nbsp;3. La plantilla elegida se lanzar\u00e1 ahora como un nuevo proyecto.<\/p>\n\n\n\n<figure class=\"wp-block-image size-large\"><img loading=\"lazy\" decoding=\"async\" width=\"1024\" height=\"492\" src=\"https:\/\/www.animaker.es\/blog\/wp-content\/uploads\/2022\/02\/Workspace--1024x492.png\" alt=\"\" class=\"wp-image-335\" srcset=\"https:\/\/www.animaker.es\/blog\/wp-content\/uploads\/2022\/02\/Workspace--1024x492.png 1024w, https:\/\/www.animaker.es\/blog\/wp-content\/uploads\/2022\/02\/Workspace--300x144.png 300w, https:\/\/www.animaker.es\/blog\/wp-content\/uploads\/2022\/02\/Workspace--768x369.png 768w, https:\/\/www.animaker.es\/blog\/wp-content\/uploads\/2022\/02\/Workspace-.png 1220w\" sizes=\"(max-width: 1024px) 100vw, 1024px\" \/><\/figure>\n\n\n\n<p>Como puedes ver, hay cinco secciones aqu\u00ed:<\/p>\n\n\n\n<ol><li><strong>Lugar de trabajo:<\/strong> Es el lugar del centro, donde crear\u00e1s tu v\u00eddeo con im\u00e1genes.<br><\/li><li><strong>Biblioteca:<\/strong> Es la secci\u00f3n que ves a tu izquierda, donde encontrar\u00e1s todos los textos, personajes, accesorios, m\u00fasica y efectos de animaci\u00f3n.<br><\/li><li><strong>Men\u00fa:<\/strong> Es la secci\u00f3n de la parte superior, donde puedes utilizar las opciones para crear un nuevo v\u00eddeo, cambiar el tama\u00f1o del v\u00eddeo actual, copiar el v\u00eddeo, compartir el v\u00eddeo, publicar el v\u00eddeo, etc.<br><\/li><li><strong>Escenas:<\/strong> Es la secci\u00f3n que ves a tu derecha, donde puedes a\u00f1adir varias escenas a tu v\u00eddeo.<br><\/li><li><strong>L\u00ednea de tiempo:<\/strong> Es la secci\u00f3n que ves en la parte inferior, donde se ajustan los tiempos de los elementos y sus efectos. Cada vez que se a\u00f1ade un elemento al v\u00eddeo, ver\u00e1s que se a\u00f1ade a la l\u00ednea de tiempo. La l\u00ednea de tiempo se divide en tres:<br><br>    &#8211; <strong>L\u00ednea de tiempo de los objetos (L\u00ednea de tiempo de la animaci\u00f3n) <\/strong>&#8211; para gestionar los personajes y objetos   del v\u00eddeo.<br>    &#8211; <strong>L\u00ednea de tiempo de v\u00eddeo y audio<\/strong> &#8211;  para gestionar el audio y el v\u00eddeo que a\u00f1ades al proyecto.<br>    &#8211; <strong>L\u00ednea de tiempo de la c\u00e1mara<\/strong> &#8211; es, por supuesto, para la c\u00e1mara. Es para controlar el tiempo de los efectos de c\u00e1mara que utilizamos.<\/li><\/ol>\n\n\n\n<p>Mira este <a href=\"https:\/\/www.youtube.com\/watch?v=A_qNjIYlx98\">video<\/a> para saber m\u00e1s sobre el uso de la l\u00ednea de tiempo.<\/p>\n\n\n\n<h2 class=\"wp-block-heading\"><strong>C\u00f3mo hacer un v\u00eddeo con fotos y m\u00fasica (usando Animaker):<\/strong><\/h2>\n\n\n\n<p class=\"has-medium-font-size\"><strong>Paso 1: Sube e inserta tus fotos en la plantilla.&nbsp;<\/strong><\/p>\n\n\n\n<p>Sustituye las im\u00e1genes de la plantilla subiendo las tuyas. Una vez subidas, puedes hacer que se adapten al v\u00eddeo cambiando su tama\u00f1o y a\u00f1adiendo efectos de animaci\u00f3n.<\/p>\n\n\n\n<p class=\"has-medium-font-size\"><strong>Paso 2: Edita el texto.&nbsp;<\/strong><\/p>\n\n\n\n<p>Edita el estilo, el color y el tama\u00f1o de la fuente.<\/p>\n\n\n\n<p class=\"has-medium-font-size\"><strong>Paso 3: Utiliza m\u00fasica de fondo.&nbsp;<\/strong><\/p>\n\n\n\n<p>Cambia la m\u00fasica de fondo seleccionando cualquier pista musical de la biblioteca. Como alternativa, tambi\u00e9n puedes cargar y <a href=\"https:\/\/www.animaker.com\/add-music-to-video\">a\u00f1adir tu propia m\u00fasica a un v\u00eddeo.<\/a>\u00a0<\/p>\n\n\n\n<p class=\"has-medium-font-size\"><strong>Paso 4: Exporta tu v\u00eddeo.<\/strong><\/p>\n\n\n\n<p>Ve el avance y luego descarga el v\u00eddeo.<\/p>\n\n\n\n<p class=\"has-normal-font-size\"><strong>\u00bfTodo listo? Ahora, comencemos:<\/strong><\/p>\n\n\n\n<h3 class=\"wp-block-heading\"><strong>PASO 1: Inserta tus im\u00e1genes en la plantilla<\/strong><\/h3>\n\n\n\n<p>Elige la lista de im\u00e1genes que quieres incluir en tu v\u00eddeo. Ahora s\u00fabelas una a una utilizando la secci\u00f3n Mis subidas. \u00a1A continuaci\u00f3n te explicamos c\u00f3mo hacerlo! Haz clic en la opci\u00f3n <em>Cargar<\/em> en la biblioteca.<\/p>\n\n\n\n<div class=\"wp-block-image\"><figure class=\"aligncenter size-large\"><img loading=\"lazy\" decoding=\"async\" width=\"1024\" height=\"527\" src=\"https:\/\/www.animaker.es\/blog\/wp-content\/uploads\/2022\/02\/1-1024x527.png\" alt=\"\" class=\"wp-image-338\" srcset=\"https:\/\/www.animaker.es\/blog\/wp-content\/uploads\/2022\/02\/1-1024x527.png 1024w, https:\/\/www.animaker.es\/blog\/wp-content\/uploads\/2022\/02\/1-300x154.png 300w, https:\/\/www.animaker.es\/blog\/wp-content\/uploads\/2022\/02\/1-768x395.png 768w, https:\/\/www.animaker.es\/blog\/wp-content\/uploads\/2022\/02\/1.png 1216w\" sizes=\"(max-width: 1024px) 100vw, 1024px\" \/><\/figure><\/div>\n\n\n\n<p>Haz clic en el bot\u00f3n <em>Cargar<\/em> y selecciona el archivo que quieres cargar desde tu sistema. Tambi\u00e9n puedes arrastrar y soltar el archivo directamente en la aplicaci\u00f3n.<\/p>\n\n\n\n<div class=\"wp-block-image\"><figure class=\"aligncenter size-large\"><img loading=\"lazy\" decoding=\"async\" width=\"1024\" height=\"490\" src=\"https:\/\/www.animaker.es\/blog\/wp-content\/uploads\/2022\/02\/2-1024x490.png\" alt=\"\" class=\"wp-image-339\" srcset=\"https:\/\/www.animaker.es\/blog\/wp-content\/uploads\/2022\/02\/2-1024x490.png 1024w, https:\/\/www.animaker.es\/blog\/wp-content\/uploads\/2022\/02\/2-300x143.png 300w, https:\/\/www.animaker.es\/blog\/wp-content\/uploads\/2022\/02\/2-768x367.png 768w, https:\/\/www.animaker.es\/blog\/wp-content\/uploads\/2022\/02\/2.png 1238w\" sizes=\"(max-width: 1024px) 100vw, 1024px\" \/><\/figure><\/div>\n\n\n\n<figure class=\"wp-block-image size-large\"><img loading=\"lazy\" decoding=\"async\" width=\"1024\" height=\"487\" src=\"https:\/\/www.animaker.es\/blog\/wp-content\/uploads\/2022\/02\/3-1024x487.png\" alt=\"\" class=\"wp-image-340\" srcset=\"https:\/\/www.animaker.es\/blog\/wp-content\/uploads\/2022\/02\/3-1024x487.png 1024w, https:\/\/www.animaker.es\/blog\/wp-content\/uploads\/2022\/02\/3-300x143.png 300w, https:\/\/www.animaker.es\/blog\/wp-content\/uploads\/2022\/02\/3-768x365.png 768w, https:\/\/www.animaker.es\/blog\/wp-content\/uploads\/2022\/02\/3.png 1208w\" sizes=\"(max-width: 1024px) 100vw, 1024px\" \/><\/figure>\n\n\n\n<p>Una vez cargada la imagen, haz clic en la imagen existente en el lugar de trabajo. Esto abrir\u00e1 apartado de men\u00fa. Haz clic en el icono de <em>Intercambio del apartado de men\u00fa<\/em>.<\/p>\n\n\n\n<div class=\"wp-block-image\"><figure class=\"aligncenter size-full\"><img loading=\"lazy\" decoding=\"async\" width=\"600\" height=\"374\" src=\"https:\/\/www.animaker.es\/blog\/wp-content\/uploads\/2022\/02\/4.png\" alt=\"\" class=\"wp-image-341\" srcset=\"https:\/\/www.animaker.es\/blog\/wp-content\/uploads\/2022\/02\/4.png 600w, https:\/\/www.animaker.es\/blog\/wp-content\/uploads\/2022\/02\/4-300x187.png 300w\" sizes=\"(max-width: 600px) 100vw, 600px\" \/><\/figure><\/div>\n\n\n\n<p><em>Elige la imagen (con la que quieres intercambiarla) de la secci\u00f3n de carga y haz clic en Aplicar<\/em><\/p>\n\n\n\n<figure class=\"wp-block-image size-large\"><img loading=\"lazy\" decoding=\"async\" width=\"1024\" height=\"473\" src=\"https:\/\/www.animaker.es\/blog\/wp-content\/uploads\/2022\/02\/5-1024x473.png\" alt=\"\" class=\"wp-image-343\" srcset=\"https:\/\/www.animaker.es\/blog\/wp-content\/uploads\/2022\/02\/5-1024x473.png 1024w, https:\/\/www.animaker.es\/blog\/wp-content\/uploads\/2022\/02\/5-300x139.png 300w, https:\/\/www.animaker.es\/blog\/wp-content\/uploads\/2022\/02\/5-768x355.png 768w, https:\/\/www.animaker.es\/blog\/wp-content\/uploads\/2022\/02\/5.png 1238w\" sizes=\"(max-width: 1024px) 100vw, 1024px\" \/><\/figure>\n\n\n\n<figure class=\"wp-block-image size-large\"><img loading=\"lazy\" decoding=\"async\" width=\"1024\" height=\"473\" src=\"https:\/\/www.animaker.es\/blog\/wp-content\/uploads\/2022\/02\/6-1024x473.png\" alt=\"\" class=\"wp-image-342\" srcset=\"https:\/\/www.animaker.es\/blog\/wp-content\/uploads\/2022\/02\/6-1024x473.png 1024w, https:\/\/www.animaker.es\/blog\/wp-content\/uploads\/2022\/02\/6-300x139.png 300w, https:\/\/www.animaker.es\/blog\/wp-content\/uploads\/2022\/02\/6-768x355.png 768w, https:\/\/www.animaker.es\/blog\/wp-content\/uploads\/2022\/02\/6.png 1238w\" sizes=\"(max-width: 1024px) 100vw, 1024px\" \/><\/figure>\n\n\n\n<p>\u00a1Quiz\u00e1 quieras cambiar un poco el tama\u00f1o de la imagen simplemente haciendo clic en ella y arrastr\u00e1ndola hacia fuera o hacia dentro por sus bordes!.<\/p>\n\n\n\n<h3 class=\"wp-block-heading\"><strong>PASO 2: Edita el texto de tu v\u00eddeo<\/strong><\/h3>\n\n\n\n<p>Para editar el texto de una escena, haz clic en el texto existente. Al hacer clic en \u00e9l se abrir\u00e1 la ventana de configuraci\u00f3n del texto, donde puedes cambiar el estilo de la fuente, el tama\u00f1o, el color, la alineaci\u00f3n y dar efectos de entrada\/salida al texto.<\/p>\n\n\n\n<p>Ahora, edita el contenido dentro del cuadro de texto de la forma que desees.<\/p>\n\n\n\n<figure class=\"wp-block-image size-large\"><img loading=\"lazy\" decoding=\"async\" width=\"1210\" height=\"576\" src=\"https:\/\/www.animaker.es\/blog\/wp-content\/uploads\/2022\/02\/7-1024x487.png\" alt=\"\" class=\"wp-image-344\" srcset=\"https:\/\/www.animaker.es\/blog\/wp-content\/uploads\/2022\/02\/7-1024x487.png 1024w, https:\/\/www.animaker.es\/blog\/wp-content\/uploads\/2022\/02\/7-300x143.png 300w, https:\/\/www.animaker.es\/blog\/wp-content\/uploads\/2022\/02\/7-768x366.png 768w, https:\/\/www.animaker.es\/blog\/wp-content\/uploads\/2022\/02\/7.png 1210w\" sizes=\"(max-width: 1210px) 100vw, 1210px\" \/><\/figure>\n\n\n\n<p>Puedes seleccionar cualquier estilo de la lista de predise\u00f1ados de texto de la Biblioteca. Estos predise\u00f1ados de texto est\u00e1n formateados con efectos \u00fanicos de entrada y salida para facilitarle la vida. Aparte de estas predise\u00f1adas, tambi\u00e9n puede seleccionar un t\u00edtulo, subt\u00edtulo o cuerpo de texto, formatearlo y darle efectos de entrada\/salida.<\/p>\n\n\n\n<figure class=\"wp-block-image size-large\"><img loading=\"lazy\" decoding=\"async\" width=\"1024\" height=\"479\" src=\"https:\/\/www.animaker.es\/blog\/wp-content\/uploads\/2022\/02\/8-1024x479.png\" alt=\"\" class=\"wp-image-345\" srcset=\"https:\/\/www.animaker.es\/blog\/wp-content\/uploads\/2022\/02\/8-1024x479.png 1024w, https:\/\/www.animaker.es\/blog\/wp-content\/uploads\/2022\/02\/8-300x140.png 300w, https:\/\/www.animaker.es\/blog\/wp-content\/uploads\/2022\/02\/8-768x359.png 768w, https:\/\/www.animaker.es\/blog\/wp-content\/uploads\/2022\/02\/8.png 1214w\" sizes=\"(max-width: 1024px) 100vw, 1024px\" \/><\/figure>\n\n\n\n<h3 class=\"wp-block-heading\"><strong>PASO 3: Reproduce la m\u00fasica<\/strong><\/h3>\n\n\n\n<p>La plantilla predise\u00f1ada que hab\u00edamos seleccionado viene con m\u00fasica de fondo.&nbsp; Si quieres cambiar la m\u00fasica de fondo, la rica biblioteca de Animaker te ofrece toda una serie de opciones.<\/p>\n\n\n\n<p>Para cambiar la BGM existente en esta plantilla, puedes eliminarla de la l\u00ednea de tiempo que aparece a continuaci\u00f3n. Cuando selecciones el audio, ver\u00e1s que aparece una ventana emergente con algunas opciones. <em>Elimina<\/em> la pista seleccionando la opci\u00f3n Eliminar.<\/p>\n\n\n\n<figure class=\"wp-block-image size-full\"><img loading=\"lazy\" decoding=\"async\" width=\"974\" height=\"288\" src=\"https:\/\/www.animaker.es\/blog\/wp-content\/uploads\/2022\/02\/9.png\" alt=\"\" class=\"wp-image-346\" srcset=\"https:\/\/www.animaker.es\/blog\/wp-content\/uploads\/2022\/02\/9.png 974w, https:\/\/www.animaker.es\/blog\/wp-content\/uploads\/2022\/02\/9-300x89.png 300w, https:\/\/www.animaker.es\/blog\/wp-content\/uploads\/2022\/02\/9-768x227.png 768w\" sizes=\"(max-width: 974px) 100vw, 974px\" \/><\/figure>\n\n\n\n<p>Para elegir una nueva pista musical\/efecto de sonido, seleccione la opci\u00f3n<em> M\u00fasica <\/em>en la<em> <\/em>biblioteca. Aparecer\u00e1 una lista de pistas musicales libres de derechos de autor. Del mismo modo, para a\u00f1adir efectos de sonido, seleccione la opci\u00f3n situada junto a <em>M\u00fasica.<\/em><\/p>\n\n\n\n<figure class=\"wp-block-image size-large\"><img loading=\"lazy\" decoding=\"async\" width=\"1024\" height=\"539\" src=\"https:\/\/www.animaker.es\/blog\/wp-content\/uploads\/2022\/02\/10-1024x539.png\" alt=\"\" class=\"wp-image-347\" srcset=\"https:\/\/www.animaker.es\/blog\/wp-content\/uploads\/2022\/02\/10-1024x539.png 1024w, https:\/\/www.animaker.es\/blog\/wp-content\/uploads\/2022\/02\/10-300x158.png 300w, https:\/\/www.animaker.es\/blog\/wp-content\/uploads\/2022\/02\/10-768x404.png 768w, https:\/\/www.animaker.es\/blog\/wp-content\/uploads\/2022\/02\/10.png 1208w\" sizes=\"(max-width: 1024px) 100vw, 1024px\" \/><\/figure>\n\n\n\n<figure class=\"wp-block-image size-large\"><img loading=\"lazy\" decoding=\"async\" width=\"1024\" height=\"539\" src=\"https:\/\/www.animaker.es\/blog\/wp-content\/uploads\/2022\/02\/11-1024x539.png\" alt=\"\" class=\"wp-image-348\" srcset=\"https:\/\/www.animaker.es\/blog\/wp-content\/uploads\/2022\/02\/11-1024x539.png 1024w, https:\/\/www.animaker.es\/blog\/wp-content\/uploads\/2022\/02\/11-300x158.png 300w, https:\/\/www.animaker.es\/blog\/wp-content\/uploads\/2022\/02\/11-768x404.png 768w, https:\/\/www.animaker.es\/blog\/wp-content\/uploads\/2022\/02\/11.png 1208w\" sizes=\"(max-width: 1024px) 100vw, 1024px\" \/><\/figure>\n\n\n\n<p>Pasa el cursor por encima de cualquier pista\/efecto para obtener una vista previa. A\u00f1ade una pista al v\u00eddeo simplemente haciendo clic en ella. Ver\u00e1s que la pista se a\u00f1ade a la l\u00ednea de tiempo de abajo.<\/p>\n\n\n\n<figure class=\"wp-block-image size-large\"><img loading=\"lazy\" decoding=\"async\" width=\"1024\" height=\"539\" src=\"https:\/\/www.animaker.es\/blog\/wp-content\/uploads\/2022\/02\/12-1024x539.png\" alt=\"\" class=\"wp-image-349\" srcset=\"https:\/\/www.animaker.es\/blog\/wp-content\/uploads\/2022\/02\/12-1024x539.png 1024w, https:\/\/www.animaker.es\/blog\/wp-content\/uploads\/2022\/02\/12-300x158.png 300w, https:\/\/www.animaker.es\/blog\/wp-content\/uploads\/2022\/02\/12-768x404.png 768w, https:\/\/www.animaker.es\/blog\/wp-content\/uploads\/2022\/02\/12.png 1208w\" sizes=\"(max-width: 1024px) 100vw, 1024px\" \/><\/figure>\n\n\n\n<p>Desde la l\u00ednea de tiempo, puedes previsualizar la pista, ajustar su volumen, duplicarla y eliminarla. Tambi\u00e9n puedes ampliar las marcas negras de los extremos de la pista para extenderla o contraerla.<\/p>\n\n\n\n<figure class=\"wp-block-image size-large\"><img loading=\"lazy\" decoding=\"async\" width=\"1024\" height=\"539\" src=\"https:\/\/www.animaker.es\/blog\/wp-content\/uploads\/2022\/02\/13-1024x539.png\" alt=\"\" class=\"wp-image-350\" srcset=\"https:\/\/www.animaker.es\/blog\/wp-content\/uploads\/2022\/02\/13-1024x539.png 1024w, https:\/\/www.animaker.es\/blog\/wp-content\/uploads\/2022\/02\/13-300x158.png 300w, https:\/\/www.animaker.es\/blog\/wp-content\/uploads\/2022\/02\/13-768x404.png 768w, https:\/\/www.animaker.es\/blog\/wp-content\/uploads\/2022\/02\/13.png 1208w\" sizes=\"(max-width: 1024px) 100vw, 1024px\" \/><\/figure>\n\n\n\n<p>Y si a\u00fan no es suficiente, puedes subir tu m\u00fasica de la misma manera que subiste tus fotos y a\u00f1adirla al v\u00eddeo.<\/p>\n\n\n\n<h3 class=\"wp-block-heading\"><strong>PASO 4: Exporta tu v\u00eddeo (\u00a1tu obra maestra!)<\/strong><\/h3>\n\n\n\n<p>Pero antes, te aconsejo que veas una vista previa de lo que has hecho. Haz clic en el bot\u00f3n de vista previa de v\u00eddeo para ver una vista previa de todo tu proyecto. Puedes usar el bot\u00f3n de vista previa de la escena si s\u00f3lo quieres ver la escena en la que est\u00e1s.<\/p>\n\n\n\n<figure class=\"wp-block-image size-large\"><img loading=\"lazy\" decoding=\"async\" width=\"1024\" height=\"482\" src=\"https:\/\/www.animaker.es\/blog\/wp-content\/uploads\/2022\/02\/14-1024x482.png\" alt=\"\" class=\"wp-image-352\" srcset=\"https:\/\/www.animaker.es\/blog\/wp-content\/uploads\/2022\/02\/14-1024x482.png 1024w, https:\/\/www.animaker.es\/blog\/wp-content\/uploads\/2022\/02\/14-300x141.png 300w, https:\/\/www.animaker.es\/blog\/wp-content\/uploads\/2022\/02\/14-768x361.png 768w, https:\/\/www.animaker.es\/blog\/wp-content\/uploads\/2022\/02\/14.png 1216w\" sizes=\"(max-width: 1024px) 100vw, 1024px\" \/><\/figure>\n\n\n\n<p>\u00bfTe parece perfecto? Ahora, exporta con un solo clic:<\/p>\n\n\n\n<figure class=\"wp-block-image size-large\"><img loading=\"lazy\" decoding=\"async\" width=\"1024\" height=\"553\" src=\"https:\/\/www.animaker.es\/blog\/wp-content\/uploads\/2022\/02\/15-1024x553.png\" alt=\"\" class=\"wp-image-353\" srcset=\"https:\/\/www.animaker.es\/blog\/wp-content\/uploads\/2022\/02\/15-1024x553.png 1024w, https:\/\/www.animaker.es\/blog\/wp-content\/uploads\/2022\/02\/15-300x162.png 300w, https:\/\/www.animaker.es\/blog\/wp-content\/uploads\/2022\/02\/15-768x415.png 768w, https:\/\/www.animaker.es\/blog\/wp-content\/uploads\/2022\/02\/15.png 1226w\" sizes=\"(max-width: 1024px) 100vw, 1024px\" \/><\/figure>\n\n\n\n<h2 class=\"wp-block-heading\" id=\"2\"><strong>C\u00f3mo crear un v\u00eddeo &#8211; desde cero:<\/strong><\/h2>\n\n\n\n<p>Si un v\u00eddeo de plantilla te llev\u00f3 5 minutos, hacer un v\u00eddeo desde cero probablemente te exigir\u00e1 15 minutos, \u00a1pero no m\u00e1s!<\/p>\n\n\n\n<p>Para hacer un v\u00eddeo completamente nuevo, necesitas saber un poco m\u00e1s de lo que ya sabes a estas alturas.<\/p>\n\n\n\n<h4 class=\"wp-block-heading\"><strong>\u00a1\u00bfListo?!<\/strong><\/h4>\n\n\n\n<p>Elige un proyecto en blanco (vertical, cuadrado u horizontal) en la p\u00e1gina de <em>Momentos.<\/em><\/p>\n\n\n\n<figure class=\"wp-block-image size-large\"><img loading=\"lazy\" decoding=\"async\" width=\"1024\" height=\"553\" src=\"https:\/\/www.animaker.es\/blog\/wp-content\/uploads\/2022\/02\/16-1024x553.png\" alt=\"\" class=\"wp-image-354\" srcset=\"https:\/\/www.animaker.es\/blog\/wp-content\/uploads\/2022\/02\/16-1024x553.png 1024w, https:\/\/www.animaker.es\/blog\/wp-content\/uploads\/2022\/02\/16-300x162.png 300w, https:\/\/www.animaker.es\/blog\/wp-content\/uploads\/2022\/02\/16-768x415.png 768w, https:\/\/www.animaker.es\/blog\/wp-content\/uploads\/2022\/02\/16.png 1226w\" sizes=\"(max-width: 1024px) 100vw, 1024px\" \/><\/figure>\n\n\n\n<p>Una vez dentro de la aplicaci\u00f3n, \u00a1puedes utilizar la biblioteca de animaci\u00f3n m\u00e1s rica que existe y ponerte a trabajar!<\/p>\n\n\n\n<p>\u00a1Hay una gran cantidad de personajes, propiedades, fondos, m\u00fasica y dem\u00e1s a tu disposici\u00f3n! Y no hay que olvidar que puedes subir cualquier imagen y\/o m\u00fasica a la aplicaci\u00f3n y utilizarla tambi\u00e9n.<\/p>\n\n\n\n<p>\u00a1Adem\u00e1s de todo esto, la variedad de efectos de animaci\u00f3n te volver\u00e1 loco!<\/p>\n\n\n\n<p>Echemosle un vistazo:<\/p>\n\n\n\n<p><strong>1. Efectos de objetos:<\/strong> \u00a1Con estos efectos, puedes decidir c\u00f3mo entran y salen los objetos de tu escena!.<\/p>\n\n\n\n<figure class=\"wp-block-image size-large\"><img loading=\"lazy\" decoding=\"async\" width=\"1024\" height=\"484\" src=\"https:\/\/www.animaker.es\/blog\/wp-content\/uploads\/2022\/02\/17-1024x484.png\" alt=\"\" class=\"wp-image-355\" srcset=\"https:\/\/www.animaker.es\/blog\/wp-content\/uploads\/2022\/02\/17-1024x484.png 1024w, https:\/\/www.animaker.es\/blog\/wp-content\/uploads\/2022\/02\/17-300x142.png 300w, https:\/\/www.animaker.es\/blog\/wp-content\/uploads\/2022\/02\/17-768x363.png 768w, https:\/\/www.animaker.es\/blog\/wp-content\/uploads\/2022\/02\/17.png 1226w\" sizes=\"(max-width: 1024px) 100vw, 1024px\" \/><\/figure>\n\n\n\n<p>Y siempre ten presente que puedes controlar los tiempos de tus objetos y efectos en la escena a trav\u00e9s de la l\u00ednea de tiempo. Las partes rosas representan la duraci\u00f3n de los efectos, mientras que la parte p\u00farpura muestra el tiempo que el objeto permanece en la escena. Puedes ajustar los tiempos arrastrando las barras negras de los extremos de estas partes.<\/p>\n\n\n\n<p><strong>2. Efectos de movimiento:<\/strong> Como su nombre indica, estos efectos te ayudar\u00e1n a mover objetos y personajes dentro de una escena. Hay dos efectos de movimiento para ti:<\/p>\n\n\n\n<ul><li><strong>Movimiento inteligente:<\/strong> Te ayudar\u00e1 a a\u00f1adir animaciones complejas a tu objeto. Mira <a href=\"https:\/\/www.youtube.com\/watch?v=8LtPRVlF0g8\">este video<\/a> para saber m\u00e1s.<\/li><li><strong>Acci\u00f3n +:<\/strong> Te ayudar\u00e1 a enlazar un mont\u00f3n de acciones realizadas por un personaje y a animarlo perfectamente. Mira <a href=\"https:\/\/www.youtube.com\/watch?v=6yGFU7if-Rg\">este video<\/a> para saber m\u00e1s.<\/li><\/ul>\n\n\n\n<p><strong>3. Efectos especiales<\/strong>:\u00a1La opci\u00f3n de Efectos Especiales en la Biblioteca tiene una gran cantidad de efectos que a\u00f1adir\u00e1n una animaci\u00f3n de primera calidad a tu v\u00eddeo! Tambi\u00e9n puedes personalizar el color de los mismos.<\/p>\n\n\n\n<figure class=\"wp-block-image size-large\"><img loading=\"lazy\" decoding=\"async\" width=\"1024\" height=\"486\" src=\"https:\/\/www.animaker.es\/blog\/wp-content\/uploads\/2022\/02\/18-1024x486.png\" alt=\"\" class=\"wp-image-356\" srcset=\"https:\/\/www.animaker.es\/blog\/wp-content\/uploads\/2022\/02\/18-1024x486.png 1024w, https:\/\/www.animaker.es\/blog\/wp-content\/uploads\/2022\/02\/18-300x143.png 300w, https:\/\/www.animaker.es\/blog\/wp-content\/uploads\/2022\/02\/18-768x365.png 768w, https:\/\/www.animaker.es\/blog\/wp-content\/uploads\/2022\/02\/18.png 1200w\" sizes=\"(max-width: 1024px) 100vw, 1024px\" \/><\/figure>\n\n\n\n<p>4. <strong>Efectos de transici\u00f3n: <\/strong>Estos son los efectos que dan una suave transici\u00f3n de una escena a la siguiente. Para aplicar estos efectos, pulsa la opci\u00f3n entre dos escenas en la pesta\u00f1a Escenas. \u00a1Puedes seleccionar cualquier efecto de la gran lista que aparece!<\/p>\n\n\n\n<figure class=\"wp-block-image size-large\"><img loading=\"lazy\" decoding=\"async\" width=\"1024\" height=\"486\" src=\"https:\/\/www.animaker.es\/blog\/wp-content\/uploads\/2022\/02\/19-1024x486.png\" alt=\"\" class=\"wp-image-357\" srcset=\"https:\/\/www.animaker.es\/blog\/wp-content\/uploads\/2022\/02\/19-1024x486.png 1024w, https:\/\/www.animaker.es\/blog\/wp-content\/uploads\/2022\/02\/19-300x143.png 300w, https:\/\/www.animaker.es\/blog\/wp-content\/uploads\/2022\/02\/19-768x365.png 768w, https:\/\/www.animaker.es\/blog\/wp-content\/uploads\/2022\/02\/19.png 1200w\" sizes=\"(max-width: 1024px) 100vw, 1024px\" \/><\/figure>\n\n\n\n<figure class=\"wp-block-image size-large\"><img loading=\"lazy\" decoding=\"async\" width=\"1024\" height=\"486\" src=\"https:\/\/www.animaker.es\/blog\/wp-content\/uploads\/2022\/02\/20-1024x486.png\" alt=\"\" class=\"wp-image-358\" srcset=\"https:\/\/www.animaker.es\/blog\/wp-content\/uploads\/2022\/02\/20-1024x486.png 1024w, https:\/\/www.animaker.es\/blog\/wp-content\/uploads\/2022\/02\/20-300x143.png 300w, https:\/\/www.animaker.es\/blog\/wp-content\/uploads\/2022\/02\/20-768x365.png 768w, https:\/\/www.animaker.es\/blog\/wp-content\/uploads\/2022\/02\/20.png 1200w\" sizes=\"(max-width: 1024px) 100vw, 1024px\" \/><\/figure>\n\n\n\n<p>Estas funciones y efectos son s\u00f3lo la &#8220;punta del iceberg&#8221;. Saz\u00f3nalos con tu genialidad creativa para cocinar algo excepcional.<\/p>\n\n\n\n<p>\u00a1Adelante, dale rienda suelta a tu imaginaci\u00f3n, Wings!<\/p>\n\n\n\n<p>Si tienes alguna pregunta o duda, hazla en la secci\u00f3n de comentarios. \u00a1Estaremos encantados de ayudarte!<\/p>\n","protected":false},"excerpt":{"rendered":"<p>Las fotos son recuerdos capturados. Son instant\u00e1neas de los mejores momentos de tu vida. Una sola foto puede contar un mill\u00f3n de historias. \u00a1As\u00ed que imagina el poder de un conjunto de im\u00e1genes en un v\u00eddeo!. Puedes hacer surgir un arco iris de emociones que las palabras nunca podr\u00e1n expresar. Por eso los v\u00eddeos fotogr\u00e1ficos [&hellip;]<\/p>\n","protected":false},"author":5,"featured_media":400,"comment_status":"open","ping_status":"open","sticky":false,"template":"","format":"standard","meta":{"footnotes":""},"categories":[5],"tags":[11],"yoast_head":"<!-- This site is optimized with the Yoast SEO plugin v22.2 - https:\/\/yoast.com\/wordpress\/plugins\/seo\/ -->\n<title>\u00a1C\u00f3mo hacer un video con fotos y m\u00fasica! [La gu\u00eda definitiva] - Blog sobre Cria\u00e7\u00e3o e Marketing de V\u00eddeo<\/title>\n<meta name=\"robots\" content=\"index, follow, max-snippet:-1, max-image-preview:large, max-video-preview:-1\" \/>\n<link rel=\"canonical\" href=\"https:\/\/www.animaker.es\/blog\/como-hacer-un-video-con-fotos-y-musica\/\" \/>\n<meta property=\"og:locale\" content=\"en_US\" \/>\n<meta property=\"og:type\" content=\"article\" \/>\n<meta property=\"og:title\" content=\"\u00a1C\u00f3mo hacer un video con fotos y m\u00fasica! [La gu\u00eda definitiva] - Blog sobre Cria\u00e7\u00e3o e Marketing de V\u00eddeo\" \/>\n<meta property=\"og:description\" content=\"Las fotos son recuerdos capturados. Son instant\u00e1neas de los mejores momentos de tu vida. Una sola foto puede contar un mill\u00f3n de historias. \u00a1As\u00ed que imagina el poder de un conjunto de im\u00e1genes en un v\u00eddeo!. Puedes hacer surgir un arco iris de emociones que las palabras nunca podr\u00e1n expresar. Por eso los v\u00eddeos fotogr\u00e1ficos [&hellip;]\" \/>\n<meta property=\"og:url\" content=\"https:\/\/www.animaker.es\/blog\/como-hacer-un-video-con-fotos-y-musica\/\" \/>\n<meta property=\"og:site_name\" content=\"Blog sobre Cria\u00e7\u00e3o e Marketing de V\u00eddeo\" \/>\n<meta property=\"article:published_time\" content=\"2022-02-16T18:08:56+00:00\" \/>\n<meta property=\"article:modified_time\" content=\"2022-02-16T18:08:59+00:00\" \/>\n<meta property=\"og:image\" content=\"https:\/\/www.animaker.es\/blog\/wp-content\/uploads\/2022\/02\/1170-X-500-copy.png\" \/>\n\t<meta property=\"og:image:width\" content=\"1170\" \/>\n\t<meta property=\"og:image:height\" content=\"500\" \/>\n\t<meta property=\"og:image:type\" content=\"image\/png\" \/>\n<meta name=\"author\" content=\"Aksara\" \/>\n<meta name=\"twitter:card\" content=\"summary_large_image\" \/>\n<meta name=\"twitter:label1\" content=\"Written by\" \/>\n\t<meta name=\"twitter:data1\" content=\"Aksara\" \/>\n\t<meta name=\"twitter:label2\" content=\"Est. reading time\" \/>\n\t<meta name=\"twitter:data2\" content=\"12 minutes\" \/>\n<script type=\"application\/ld+json\" class=\"yoast-schema-graph\">{\"@context\":\"https:\/\/schema.org\",\"@graph\":[{\"@type\":\"WebPage\",\"@id\":\"https:\/\/www.animaker.es\/blog\/como-hacer-un-video-con-fotos-y-musica\/\",\"url\":\"https:\/\/www.animaker.es\/blog\/como-hacer-un-video-con-fotos-y-musica\/\",\"name\":\"\u00a1C\u00f3mo hacer un video con fotos y m\u00fasica! [La gu\u00eda definitiva] - Blog sobre Cria\u00e7\u00e3o e Marketing de V\u00eddeo\",\"isPartOf\":{\"@id\":\"https:\/\/www.animaker.es\/blog\/#website\"},\"primaryImageOfPage\":{\"@id\":\"https:\/\/www.animaker.es\/blog\/como-hacer-un-video-con-fotos-y-musica\/#primaryimage\"},\"image\":{\"@id\":\"https:\/\/www.animaker.es\/blog\/como-hacer-un-video-con-fotos-y-musica\/#primaryimage\"},\"thumbnailUrl\":\"https:\/\/www.animaker.es\/blog\/wp-content\/uploads\/2022\/02\/1170-X-500-copy.png\",\"datePublished\":\"2022-02-16T18:08:56+00:00\",\"dateModified\":\"2022-02-16T18:08:59+00:00\",\"author\":{\"@id\":\"https:\/\/www.animaker.es\/blog\/#\/schema\/person\/0d9a9c1a44d436d4db306e635d01dff1\"},\"breadcrumb\":{\"@id\":\"https:\/\/www.animaker.es\/blog\/como-hacer-un-video-con-fotos-y-musica\/#breadcrumb\"},\"inLanguage\":\"en-US\",\"potentialAction\":[{\"@type\":\"ReadAction\",\"target\":[\"https:\/\/www.animaker.es\/blog\/como-hacer-un-video-con-fotos-y-musica\/\"]}]},{\"@type\":\"ImageObject\",\"inLanguage\":\"en-US\",\"@id\":\"https:\/\/www.animaker.es\/blog\/como-hacer-un-video-con-fotos-y-musica\/#primaryimage\",\"url\":\"https:\/\/www.animaker.es\/blog\/wp-content\/uploads\/2022\/02\/1170-X-500-copy.png\",\"contentUrl\":\"https:\/\/www.animaker.es\/blog\/wp-content\/uploads\/2022\/02\/1170-X-500-copy.png\",\"width\":1170,\"height\":500},{\"@type\":\"BreadcrumbList\",\"@id\":\"https:\/\/www.animaker.es\/blog\/como-hacer-un-video-con-fotos-y-musica\/#breadcrumb\",\"itemListElement\":[{\"@type\":\"ListItem\",\"position\":1,\"name\":\"Home\",\"item\":\"https:\/\/www.animaker.es\/blog\/\"},{\"@type\":\"ListItem\",\"position\":2,\"name\":\"\u00a1C\u00f3mo hacer un video con fotos y m\u00fasica! [La gu\u00eda definitiva]\"}]},{\"@type\":\"WebSite\",\"@id\":\"https:\/\/www.animaker.es\/blog\/#website\",\"url\":\"https:\/\/www.animaker.es\/blog\/\",\"name\":\"Blog sobre Cria\u00e7\u00e3o e Marketing de V\u00eddeo\",\"description\":\"Just another WordPress site\",\"potentialAction\":[{\"@type\":\"SearchAction\",\"target\":{\"@type\":\"EntryPoint\",\"urlTemplate\":\"https:\/\/www.animaker.es\/blog\/?s={search_term_string}\"},\"query-input\":\"required name=search_term_string\"}],\"inLanguage\":\"en-US\"},{\"@type\":\"Person\",\"@id\":\"https:\/\/www.animaker.es\/blog\/#\/schema\/person\/0d9a9c1a44d436d4db306e635d01dff1\",\"name\":\"Aksara\",\"image\":{\"@type\":\"ImageObject\",\"inLanguage\":\"en-US\",\"@id\":\"https:\/\/www.animaker.es\/blog\/#\/schema\/person\/image\/\",\"url\":\"https:\/\/secure.gravatar.com\/avatar\/72f493e2e6f8529f4d3e93c47c842ecc?s=96&d=mm&r=g\",\"contentUrl\":\"https:\/\/secure.gravatar.com\/avatar\/72f493e2e6f8529f4d3e93c47c842ecc?s=96&d=mm&r=g\",\"caption\":\"Aksara\"},\"url\":\"https:\/\/www.animaker.es\/blog\/author\/aksara\/\"}]}<\/script>\n<!-- \/ Yoast SEO plugin. -->","yoast_head_json":{"title":"\u00a1C\u00f3mo hacer un video con fotos y m\u00fasica! [La gu\u00eda definitiva] - Blog sobre Cria\u00e7\u00e3o e Marketing de V\u00eddeo","robots":{"index":"index","follow":"follow","max-snippet":"max-snippet:-1","max-image-preview":"max-image-preview:large","max-video-preview":"max-video-preview:-1"},"canonical":"https:\/\/www.animaker.es\/blog\/como-hacer-un-video-con-fotos-y-musica\/","og_locale":"en_US","og_type":"article","og_title":"\u00a1C\u00f3mo hacer un video con fotos y m\u00fasica! [La gu\u00eda definitiva] - Blog sobre Cria\u00e7\u00e3o e Marketing de V\u00eddeo","og_description":"Las fotos son recuerdos capturados. Son instant\u00e1neas de los mejores momentos de tu vida. Una sola foto puede contar un mill\u00f3n de historias. \u00a1As\u00ed que imagina el poder de un conjunto de im\u00e1genes en un v\u00eddeo!. Puedes hacer surgir un arco iris de emociones que las palabras nunca podr\u00e1n expresar. Por eso los v\u00eddeos fotogr\u00e1ficos [&hellip;]","og_url":"https:\/\/www.animaker.es\/blog\/como-hacer-un-video-con-fotos-y-musica\/","og_site_name":"Blog sobre Cria\u00e7\u00e3o e Marketing de V\u00eddeo","article_published_time":"2022-02-16T18:08:56+00:00","article_modified_time":"2022-02-16T18:08:59+00:00","og_image":[{"width":1170,"height":500,"url":"https:\/\/www.animaker.es\/blog\/wp-content\/uploads\/2022\/02\/1170-X-500-copy.png","type":"image\/png"}],"author":"Aksara","twitter_card":"summary_large_image","twitter_misc":{"Written by":"Aksara","Est. reading time":"12 minutes"},"schema":{"@context":"https:\/\/schema.org","@graph":[{"@type":"WebPage","@id":"https:\/\/www.animaker.es\/blog\/como-hacer-un-video-con-fotos-y-musica\/","url":"https:\/\/www.animaker.es\/blog\/como-hacer-un-video-con-fotos-y-musica\/","name":"\u00a1C\u00f3mo hacer un video con fotos y m\u00fasica! [La gu\u00eda definitiva] - Blog sobre Cria\u00e7\u00e3o e Marketing de V\u00eddeo","isPartOf":{"@id":"https:\/\/www.animaker.es\/blog\/#website"},"primaryImageOfPage":{"@id":"https:\/\/www.animaker.es\/blog\/como-hacer-un-video-con-fotos-y-musica\/#primaryimage"},"image":{"@id":"https:\/\/www.animaker.es\/blog\/como-hacer-un-video-con-fotos-y-musica\/#primaryimage"},"thumbnailUrl":"https:\/\/www.animaker.es\/blog\/wp-content\/uploads\/2022\/02\/1170-X-500-copy.png","datePublished":"2022-02-16T18:08:56+00:00","dateModified":"2022-02-16T18:08:59+00:00","author":{"@id":"https:\/\/www.animaker.es\/blog\/#\/schema\/person\/0d9a9c1a44d436d4db306e635d01dff1"},"breadcrumb":{"@id":"https:\/\/www.animaker.es\/blog\/como-hacer-un-video-con-fotos-y-musica\/#breadcrumb"},"inLanguage":"en-US","potentialAction":[{"@type":"ReadAction","target":["https:\/\/www.animaker.es\/blog\/como-hacer-un-video-con-fotos-y-musica\/"]}]},{"@type":"ImageObject","inLanguage":"en-US","@id":"https:\/\/www.animaker.es\/blog\/como-hacer-un-video-con-fotos-y-musica\/#primaryimage","url":"https:\/\/www.animaker.es\/blog\/wp-content\/uploads\/2022\/02\/1170-X-500-copy.png","contentUrl":"https:\/\/www.animaker.es\/blog\/wp-content\/uploads\/2022\/02\/1170-X-500-copy.png","width":1170,"height":500},{"@type":"BreadcrumbList","@id":"https:\/\/www.animaker.es\/blog\/como-hacer-un-video-con-fotos-y-musica\/#breadcrumb","itemListElement":[{"@type":"ListItem","position":1,"name":"Home","item":"https:\/\/www.animaker.es\/blog\/"},{"@type":"ListItem","position":2,"name":"\u00a1C\u00f3mo hacer un video con fotos y m\u00fasica! [La gu\u00eda definitiva]"}]},{"@type":"WebSite","@id":"https:\/\/www.animaker.es\/blog\/#website","url":"https:\/\/www.animaker.es\/blog\/","name":"Blog sobre Cria\u00e7\u00e3o e Marketing de V\u00eddeo","description":"Just another WordPress site","potentialAction":[{"@type":"SearchAction","target":{"@type":"EntryPoint","urlTemplate":"https:\/\/www.animaker.es\/blog\/?s={search_term_string}"},"query-input":"required name=search_term_string"}],"inLanguage":"en-US"},{"@type":"Person","@id":"https:\/\/www.animaker.es\/blog\/#\/schema\/person\/0d9a9c1a44d436d4db306e635d01dff1","name":"Aksara","image":{"@type":"ImageObject","inLanguage":"en-US","@id":"https:\/\/www.animaker.es\/blog\/#\/schema\/person\/image\/","url":"https:\/\/secure.gravatar.com\/avatar\/72f493e2e6f8529f4d3e93c47c842ecc?s=96&d=mm&r=g","contentUrl":"https:\/\/secure.gravatar.com\/avatar\/72f493e2e6f8529f4d3e93c47c842ecc?s=96&d=mm&r=g","caption":"Aksara"},"url":"https:\/\/www.animaker.es\/blog\/author\/aksara\/"}]}},"_links":{"self":[{"href":"https:\/\/www.animaker.es\/blog\/wp-json\/wp\/v2\/posts\/332"}],"collection":[{"href":"https:\/\/www.animaker.es\/blog\/wp-json\/wp\/v2\/posts"}],"about":[{"href":"https:\/\/www.animaker.es\/blog\/wp-json\/wp\/v2\/types\/post"}],"author":[{"embeddable":true,"href":"https:\/\/www.animaker.es\/blog\/wp-json\/wp\/v2\/users\/5"}],"replies":[{"embeddable":true,"href":"https:\/\/www.animaker.es\/blog\/wp-json\/wp\/v2\/comments?post=332"}],"version-history":[{"count":20,"href":"https:\/\/www.animaker.es\/blog\/wp-json\/wp\/v2\/posts\/332\/revisions"}],"predecessor-version":[{"id":416,"href":"https:\/\/www.animaker.es\/blog\/wp-json\/wp\/v2\/posts\/332\/revisions\/416"}],"wp:featuredmedia":[{"embeddable":true,"href":"https:\/\/www.animaker.es\/blog\/wp-json\/wp\/v2\/media\/400"}],"wp:attachment":[{"href":"https:\/\/www.animaker.es\/blog\/wp-json\/wp\/v2\/media?parent=332"}],"wp:term":[{"taxonomy":"category","embeddable":true,"href":"https:\/\/www.animaker.es\/blog\/wp-json\/wp\/v2\/categories?post=332"},{"taxonomy":"post_tag","embeddable":true,"href":"https:\/\/www.animaker.es\/blog\/wp-json\/wp\/v2\/tags?post=332"}],"curies":[{"name":"wp","href":"https:\/\/api.w.org\/{rel}","templated":true}]}}